{"id":101745,"date":"2020-10-14T11:04:47","date_gmt":"2020-10-14T15:04:47","guid":{"rendered":"https:\/\/linitiative.ca\/International\/vrai-ou-fake-sur-la-covid-19-au-maroc-mercredi-14-octobre\/"},"modified":"2020-10-14T11:04:47","modified_gmt":"2020-10-14T15:04:47","slug":"vrai-ou-fake-sur-la-covid-19-au-maroc-mercredi-14-octobre","status":"publish","type":"post","link":"https:\/\/linitiative.ca\/International\/vrai-ou-fake-sur-la-covid-19-au-maroc-mercredi-14-octobre\/","title":{"rendered":"Vrai ou Fake sur la Covid-19 au Maroc, mercredi 14 octobre"},"content":{"rendered":"<p><strong>Le coronavirus, qui a contamin\u00e9 plus de 38 millions de personnes dans le monde, est \u00e0 l\u2019origine d\u2019un flot de Fake news relay\u00e9es par des sites d\u2019information et sur les r\u00e9seaux sociaux.<\/strong><\/p>\n<div class=\"c10\"\/>\n<p>\u2013 229 \u00e9tablissements d\u2019enseignement scolaires, accueillant 128.599 \u00e9l\u00e8ves ont \u00e9t\u00e9 ferm\u00e9s apr\u00e8s la d\u00e9couverte de cas positifs au Covid-19. <strong>VRAI<\/strong><\/p>\n<p>\u2013 Les salles de f\u00eate vont rouvrir au Maroc suite \u00e0 la stabilisation de la situation \u00e9pid\u00e9miologique dans plusieurs villes.\u00a0<strong>FAKE<\/strong><\/p>\n<p>\u2013 Facebook a annonc\u00e9 l\u2019interdiction des publicit\u00e9s qui d\u00e9couragent les utilisateurs de se faire vacciner. <strong>VRAI<\/strong><\/p>\n<p><strong>Lire aussi |\u00a0<a href=\"https:\/\/www.challenge.ma\/lile-maurice-blacklistee-par-lunion-europeenne-une-aubaine-pour-le-maroc-161156\/\">L\u2019Ile Maurice blacklist\u00e9e par l\u2019Union Europ\u00e9enne \u2013 une aubaine pour le Maroc ?<\/a><\/strong><\/p>\n<p>\u2013 Le couvre-feu nocturne d\u00e9cr\u00e9t\u00e9 dans l\u2019ensemble du territoire de la Pr\u00e9fecture de Casablanca sera lev\u00e9 ce vendredi 16 octobre.\u00a0<strong>FAKE<\/strong><\/p>\n<p>\u2013 Une unit\u00e9 sp\u00e9cialis\u00e9e des tests PCR Covid-19 a \u00e9t\u00e9 cr\u00e9\u00e9e au niveau du Centre de radiologie et d\u2019analyses m\u00e9dicales de la S\u00fbret\u00e9 nationale \u00e0 Rabat. <strong>VRAI<\/strong><\/p>\n<p>\u2013 Une dizaine de salari\u00e9s d\u2019un supermarch\u00e9 d\u2019Anfa \u00e0 Casablanca ont \u00e9t\u00e9 d\u00e9clar\u00e9s positifs au coronavirus.\u00a0<strong>FAKE<\/strong><\/p>\n<p>\u2013 Le comit\u00e9 R\u00e9gional de vigilance \u00e0 K\u00e9nitra a d\u00e9cid\u00e9, mardi, l\u2019assouplissement de certaines mesures sanitaires appliqu\u00e9es suite \u00e0 la recrudescence des cas de covid-19. <strong>VRAI<\/strong><\/p>\n<p><strong>Lire aussi |\u00a0<a href=\"https:\/\/www.challenge.ma\/finance-internationale-les-raisons-profondes-du-depart-de-tidjane-thiam-de-la-tete-du-credit-suisse-161135\/\">Finance internationale : les raisons profondes du d\u00e9part de Tidjane Thiam de la t\u00eate du Cr\u00e9dit Suisse<\/a><\/strong><\/p>\n<p>Auteur: Hajar DARI<br \/>\n<a href=\"https:\/\/www.challenge.ma\/vrai-ou-fake-sur-la-covid-19-au-maroc-mercredi-14-octobre-161182\/\">Cliquez ici pour lire l&rsquo;article depuis sa source.<\/a><\/p>\n","protected":false},"excerpt":{"rendered":"<p>Le coronavirus, qui a contamin\u00e9 plus de 38 millions de personnes dans le monde, est \u00e0 l\u2019origine d\u2019un flot de Fake news relay\u00e9es par des sites d\u2019information et sur les r\u00e9seaux sociaux. \u2013 229 \u00e9tablissements d\u2019enseignement scolaires, accueillant 128.599 \u00e9l\u00e8ves ont \u00e9t\u00e9 ferm\u00e9s apr\u00e8s la d\u00e9couverte de cas positifs au Covid-19. VRAI \u2013 Les salles [&hellip;]<\/p>\n","protected":false},"author":1787,"featured_media":0,"comment_status":"closed","ping_status":"closed","sticky":false,"template":"","format":"standard","meta":{"fifu_image_url":"","fifu_image_alt":"","footnotes":""},"categories":[78,54],"tags":[],"class_list":["post-101745","post","type-post","status-publish","format-standard","hentry","category-economie","category-maroc"],"_links":{"self":[{"href":"https:\/\/linitiative.ca\/International\/wp-json\/wp\/v2\/posts\/101745","targetHints":{"allow":["GET"]}}],"collection":[{"href":"https:\/\/linitiative.ca\/International\/wp-json\/wp\/v2\/posts"}],"about":[{"href":"https:\/\/linitiative.ca\/International\/wp-json\/wp\/v2\/types\/post"}],"author":[{"embeddable":true,"href":"https:\/\/linitiative.ca\/International\/wp-json\/wp\/v2\/users\/1787"}],"replies":[{"embeddable":true,"href":"https:\/\/linitiative.ca\/International\/wp-json\/wp\/v2\/comments?post=101745"}],"version-history":[{"count":0,"href":"https:\/\/linitiative.ca\/International\/wp-json\/wp\/v2\/posts\/101745\/revisions"}],"wp:attachment":[{"href":"https:\/\/linitiative.ca\/International\/wp-json\/wp\/v2\/media?parent=101745"}],"wp:term":[{"taxonomy":"category","embeddable":true,"href":"https:\/\/linitiative.ca\/International\/wp-json\/wp\/v2\/categories?post=101745"},{"taxonomy":"post_tag","embeddable":true,"href":"https:\/\/linitiative.ca\/International\/wp-json\/wp\/v2\/tags?post=101745"}],"curies":[{"name":"wp","href":"https:\/\/api.w.org\/{rel}","templated":true}]}}