{"id":101747,"date":"2020-10-14T15:09:19","date_gmt":"2020-10-14T19:09:19","guid":{"rendered":"https:\/\/linitiative.ca\/International\/france-emmanuel-macron-annonce-linstauration-dun-couvre-feu\/"},"modified":"2020-10-14T15:09:19","modified_gmt":"2020-10-14T19:09:19","slug":"france-emmanuel-macron-annonce-linstauration-dun-couvre-feu","status":"publish","type":"post","link":"https:\/\/linitiative.ca\/International\/france-emmanuel-macron-annonce-linstauration-dun-couvre-feu\/","title":{"rendered":"France: Emmanuel Macron annonce l\u2019instauration d\u2019un couvre-feu"},"content":{"rendered":"<p><strong>Emmanuel Macron, le chef d\u2019Etat fran\u00e7ais, a annonc\u00e9, dans une intervention t\u00e9l\u00e9vis\u00e9e le 14 octobre, un couvre-feu dans certaines grandes m\u00e9tropoles du pays, dans l\u2019objectif de ralentir la propagation du virus.<\/strong><\/p>\n<div class=\"c10\"\/>\n<p>Le couvre-feu sera effectif de 21h00 \u00e0 6h00 et durera au minimum quatre semaines. La mesure commencera \u00e0 partir du samedi 17 octobre. \u00ab\u00a0Il serait disproportionn\u00e9 de reconfiner le pays. Notre objectif est de r\u00e9duire les contacts priv\u00e9s qui sont les plus dangereux. La d\u00e9cision que nous avons prise, c\u2019est un couvre feu\u00a0\u00bb,\u00a0a annonc\u00e9 le chef de l\u2019Etat. Le couvre-feu durera au moins quatre semaines et peut-\u00eatre six si le parlement l\u2019autorise, a indiqu\u00e9 Emmanuel Macron, ajoutant qu\u2019il va s\u2019appliquer \u00e0 la r\u00e9gion Ile-de-France et \u00e0 huit autres m\u00e9tropoles notamment Grenoble, Lille, Lyon, Aix-en-Provence, Marsielle, Rouen, Saint-Etienne et Toulouse. \u00a0<\/p>\n<p><strong>Lire aussi| <a href=\"https:\/\/www.challenge.ma\/impots-la-dgi-enrichit-ses-solutions-de-paiement-en-ligne-161204\/\">Imp\u00f4ts : la DGI enrichit ses solutions de paiement en ligne<\/a><\/strong><\/p>\n<p>\u00ab\u00a0Il nous faut r\u00e9agir\u00a0face au Covid-19 car\u00a0la situation est pr\u00e9occupante\u00a0avec la\u00a0deuxi\u00e8me vague\u00a0de contamination qui est arriv\u00e9e\u00a0\u00bb, a justifi\u00e9 le pr\u00e9sident.\u00a0\u00ab\u00a0Aujourd\u2019hui, le virus est partout, nos soignants sont tr\u00e8s fatigu\u00e9s et nous n\u2019avons pas de lits cach\u00e9s en r\u00e9serve, c\u2019est pour cela que nous devons prendre des mesures plus strictes\u00a0\u00bb, a-t-il poursuivi.<\/p>\n<p><strong>Lire aussi| <a href=\"https:\/\/www.challenge.ma\/coronavirus-facebook-interdit-les-publicites-anti-vaccination-161120\/\">Coronavirus : Facebook interdit les publicit\u00e9s anti-vaccination<\/a><\/strong><\/p>\n<h2>\u00a0<\/h2>\n<p>Auteur: challenge<br \/>\n<a href=\"https:\/\/www.challenge.ma\/france-emmanuel-macron-annonce-linstauration-dun-couvre-feu-161230\/\">Cliquez ici pour lire l&rsquo;article depuis sa source.<\/a><\/p>\n","protected":false},"excerpt":{"rendered":"<p>Emmanuel Macron, le chef d\u2019Etat fran\u00e7ais, a annonc\u00e9, dans une intervention t\u00e9l\u00e9vis\u00e9e le 14 octobre, un couvre-feu dans certaines grandes m\u00e9tropoles du pays, dans l\u2019objectif de ralentir la propagation du virus. Le couvre-feu sera effectif de 21h00 \u00e0 6h00 et durera au minimum quatre semaines. La mesure commencera \u00e0 partir du samedi 17 octobre. \u00ab\u00a0Il [&hellip;]<\/p>\n","protected":false},"author":1787,"featured_media":0,"comment_status":"closed","ping_status":"closed","sticky":false,"template":"","format":"standard","meta":{"fifu_image_url":"","fifu_image_alt":"","footnotes":""},"categories":[78,54],"tags":[],"class_list":["post-101747","post","type-post","status-publish","format-standard","hentry","category-economie","category-maroc"],"_links":{"self":[{"href":"https:\/\/linitiative.ca\/International\/wp-json\/wp\/v2\/posts\/101747","targetHints":{"allow":["GET"]}}],"collection":[{"href":"https:\/\/linitiative.ca\/International\/wp-json\/wp\/v2\/posts"}],"about":[{"href":"https:\/\/linitiative.ca\/International\/wp-json\/wp\/v2\/types\/post"}],"author":[{"embeddable":true,"href":"https:\/\/linitiative.ca\/International\/wp-json\/wp\/v2\/users\/1787"}],"replies":[{"embeddable":true,"href":"https:\/\/linitiative.ca\/International\/wp-json\/wp\/v2\/comments?post=101747"}],"version-history":[{"count":0,"href":"https:\/\/linitiative.ca\/International\/wp-json\/wp\/v2\/posts\/101747\/revisions"}],"wp:attachment":[{"href":"https:\/\/linitiative.ca\/International\/wp-json\/wp\/v2\/media?parent=101747"}],"wp:term":[{"taxonomy":"category","embeddable":true,"href":"https:\/\/linitiative.ca\/International\/wp-json\/wp\/v2\/categories?post=101747"},{"taxonomy":"post_tag","embeddable":true,"href":"https:\/\/linitiative.ca\/International\/wp-json\/wp\/v2\/tags?post=101747"}],"curies":[{"name":"wp","href":"https:\/\/api.w.org\/{rel}","templated":true}]}}