{"id":101754,"date":"2020-10-14T14:54:54","date_gmt":"2020-10-14T18:54:54","guid":{"rendered":"https:\/\/linitiative.ca\/International\/ouverture-de-la-campagne-electorale-en-cote-divoire\/"},"modified":"2020-10-14T14:54:54","modified_gmt":"2020-10-14T18:54:54","slug":"ouverture-de-la-campagne-electorale-en-cote-divoire","status":"publish","type":"post","link":"https:\/\/linitiative.ca\/International\/ouverture-de-la-campagne-electorale-en-cote-divoire\/","title":{"rendered":"OUVERTURE DE LA CAMPAGNE ELECTORALE EN COTE DIVOIRE"},"content":{"rendered":"<div class=\"stream-item stream-item-above-post-content\">\n<p><noscript><\/p>\n<p><a href=\"\/\/www3.smartadserver.com\/ac?jump=1&amp;nwid=2136&amp;siteid=240610&amp;pgname=rg&amp;fmtid=49046&amp;visit=m&amp;tmstp=[timestamp]&amp;out=nonrich\" target=\"_blank\" rel=\"noopener noreferrer\"><img decoding=\"async\" src=\"http:\/\/www3.smartadserver.com\/ac?out=nonrich&amp;nwid=2136&amp;siteid=240610&amp;pgname=rg&amp;fmtid=49046&amp;visit=m&amp;tmstp=[timestamp]\" border=\"0\" alt=\"\"\/><\/a><\/p>\n<p><\/noscript><\/div>\n<p class=\"c3\"><em>Alea jecta est (les d\u00e9s sont jet\u00e9s)\u00a0!\u00a0 Les candidats \u00e0 l\u2019\u00e9lection pr\u00e9sidentielle en C\u00f4te d\u2019Ivoire, ont deux semaines, soit du 15 octobre \u00e0 0 heure au 29 octobre \u00e0 minuit, pour aller \u00e0 l\u2019assaut des suffrages des \u00e9lecteurs ivoiriens. Et signe que les pr\u00e9paratifs du scrutin du 31 octobre prochain, vont bon train, l\u2019op\u00e9ration de distribution des cartes d\u2019\u00e9lecteurs a d\u00e9marr\u00e9 le 14 octobre 2020, sur l\u2019ensemble du territoire ivoirien. Malgr\u00e9 les appels incessants de l\u2019opposition au report du scrutin, l\u2019on semble donc s\u2019acheminer inexorablement vers le maintien du calendrier \u00e9lectoral, au grand bonheur du pouvoir ivoirien tr\u00e8s attach\u00e9 \u00e0 la tenue, \u00e0 bonne date, de la pr\u00e9sidentielle. A pr\u00e9sent donc que la campagne est ouverte, que fera cette opposition ?\u00a0 Tout comme l\u2019opposant en exil, Guillaume Soro, qui avait clam\u00e9 haut et fort qu\u2019il n\u2019y aurait pas d\u2019\u00e9lection en C\u00f4te d\u2019Ivoire, d\u2019autres opposants avaient aussi affich\u00e9 leur volont\u00e9 d\u2019emp\u00eacher la tenue du scrutin pour contraindre Alassane Dramane Ouattara (ADO) \u00e0 renoncer \u00e0 son projet de 3<sup>e<\/sup> \u00a0mandat.\u00a0 A cette fin, les adversaires voire ennemis politiques d\u2019ADO, n\u2019avaient pas h\u00e9sit\u00e9 \u00e0 lancer un appel \u00e0 la d\u00e9sob\u00e9issance civile dont le succ\u00e8s para\u00eet pour le moins discutable dans la mesure o\u00f9 cet appel n\u2019a pas d\u00e9bouch\u00e9 sur un mot d\u2019ordre clair et net de nature \u00e0 inqui\u00e9ter le r\u00e9gime.\u00a0 Ayant \u00e9chou\u00e9 \u00e0 faire trembler le pouvoir ivoirien, l\u2019opposition se r\u00e9soudra-t-elle finalement \u00e0 aller en campagne\u00a0?\u00a0 C\u2019est un sc\u00e9nario des plus probables et pour cause\u00a0: celle-ci sait bien que le temps joue contre elle d\u2019autant que dans le camp d\u2019en face, ADO et sa puissante machine \u00e9lectorale sont d\u00e9j\u00e0 en ordre de bataille pour la reconqu\u00eate du Palais de Cocody. C\u2019est donc peu de dire que cette opposition verra davantage la pression s\u2019accentuer sur elle \u00e0 mesure qu\u2019on approchera du jour du scrutin.\u00a0<\/em><\/p>\n<p class=\"c3\"><em>\u00a0<\/em><\/p>\n<p class=\"c3\"><em>\u00a0<\/em><\/p>\n<p class=\"c4\"><strong><em>L\u2019opposition devrait travailler \u00e0 se concentrer sur l\u2019essentiel<\/em><\/strong><\/p>\n<p class=\"c4\"><strong><em>\u00a0<\/em><\/strong><\/p>\n<p class=\"c3\"><em>\u00a0<\/em><\/p>\n<p class=\"c3\"><em>Et puis, quel int\u00e9r\u00eat aurait-elle \u00e0 faire l\u2019option du boycott qui se pr\u00e9sente comme un gros risque\u00a0? Sauf par extraordinaire, l\u2019opposition ivoirienne devrait donc se voir contrainte de se lancer dans la campagne dont on peut toutefois se demander dans quelle atmosph\u00e8re celle-ci se d\u00e9roulera. Quand on sait qu\u2019elle intervient quelques semaines seulement apr\u00e8s de violentes manifestations \u00e0 travers la C\u00f4te d\u2019Ivoire, ainsi qu\u2019apr\u00e8s la non-satisfaction des revendications de l\u2019opposition (r\u00e9habilitation des candidats \u00e0 la pr\u00e9sidentielle dont les dossiers ont \u00e9t\u00e9 rejet\u00e9s, dissolution de la Commission \u00e9lectorale ind\u00e9pendante ainsi que de la Cour constitutionnelle, etc.), il y a des raisons d\u2019avoir de s\u00e9rieuses appr\u00e9hensions sur ce que cette campagne aura de\u00a0 caract\u00e8re courtois, civilis\u00e9 et apais\u00e9. Quel contenu le candidat Henri Konan B\u00e9di\u00e9 (HKB) et compagnie mettront-ils dans leur discours une fois face aux \u00e9lecteurs ivoiriens ?\u00a0 En tout cas, ils ne gagneraient pas \u00e0 continuer \u00e0 b\u00e2tir leur rh\u00e9torique sur la question \u2013 d\u00e9finitivement tranch\u00e9e \u2013 de l\u2019in\u00e9ligibilit\u00e9 de Ouattara. Un tel discours risque fort, en effet, de s\u2019av\u00e9rer inop\u00e9rant.\u00a0 Tout comme pourrait \u00eatre infructueux, le r\u00e9cent appel du candidat HKB, \u00e0 l\u2019ONU, \u00e0 \u00ab\u00a0se saisir du dossier ivoirien\u00a0\u00bb. Car, ce qui para\u00eet int\u00e9resser aujourd\u2019hui bon nombre d\u2019Ivoiriens, qui ne veulent pas revivre la trag\u00e9die de 2011, c\u2019est \u00a0plut\u00f4t l\u2019offre politique que chaque candidat est appel\u00e9 \u00e0 leur pr\u00e9senter. L\u2019opposition devrait se concentrer sur l\u2019essentiel sous peine d\u2019avoir un r\u00e9veil douloureux. En tout \u00e9tat de cause, les discours haineux, empreints de x\u00e9nophobie et autres propos va-t-en-guerre aux relents ethnicistes et r\u00e9gionalistes, ne doivent plus avoir droit de cit\u00e9 dans ce pays qui n\u2019a pas encore fini de panser ses plaies. Cela dit, la campagne d\u00e9sormais lanc\u00e9e, on peut s\u2019interroger sur le nombre d\u2019Ivoiriens qui se donneront la peine d\u2019aller retirer leurs cartes d\u2019\u00e9lecteurs, le tout, c\u2019est connu, n\u2019\u00e9tant pas de se faire enr\u00f4ler.\u00a0 En tous les cas, tout le mal qu\u2019on puisse souhaiter \u00e0 la C\u00f4te d\u2019Ivoire, c\u2019est l\u2019union sacr\u00e9e de ses filles et fils pour n\u00e9gocier, en douceur et en toute tranquillit\u00e9, le virage dangereux qu\u2019elle s\u2019appr\u00eate \u00e0 amorcer.\u00a0<\/em><\/p>\n<p class=\"c3\"><em>\u00a0<\/em><\/p>\n<p class=\"c4\"><strong><em>\u00ab\u00a0Le Pays\u00a0\u00bb<\/em><\/strong><\/p>\n<p class=\"c3\"><em>\u00a0<\/em><\/p>\n<p class=\"c3\"><em>\u00a0<\/em><\/p>\n<p>Auteur: Le Pays<br \/>\n<a href=\"http:\/\/lepays.bf\/ouverture-de-la-campagne-electorale-en-cote-divoire\/\">Cliquez ici pour lire l&rsquo;article depuis sa source.<\/a><\/p>\n","protected":false},"excerpt":{"rendered":"<p>Alea jecta est (les d\u00e9s sont jet\u00e9s)\u00a0!\u00a0 Les candidats \u00e0 l\u2019\u00e9lection pr\u00e9sidentielle en C\u00f4te d\u2019Ivoire, ont deux semaines, soit du 15 octobre \u00e0 0 heure au 29 octobre \u00e0 minuit, pour aller \u00e0 l\u2019assaut des suffrages des \u00e9lecteurs ivoiriens. Et signe que les pr\u00e9paratifs du scrutin du 31 octobre prochain, vont bon train, l\u2019op\u00e9ration de [&hellip;]<\/p>\n","protected":false},"author":1813,"featured_media":0,"comment_status":"closed","ping_status":"closed","sticky":false,"template":"","format":"standard","meta":{"fifu_image_url":"","fifu_image_alt":"","footnotes":""},"categories":[73,81],"tags":[],"class_list":["post-101754","post","type-post","status-publish","format-standard","hentry","category-actualite","category-burkina-faso"],"_links":{"self":[{"href":"https:\/\/linitiative.ca\/International\/wp-json\/wp\/v2\/posts\/101754","targetHints":{"allow":["GET"]}}],"collection":[{"href":"https:\/\/linitiative.ca\/International\/wp-json\/wp\/v2\/posts"}],"about":[{"href":"https:\/\/linitiative.ca\/International\/wp-json\/wp\/v2\/types\/post"}],"author":[{"embeddable":true,"href":"https:\/\/linitiative.ca\/International\/wp-json\/wp\/v2\/users\/1813"}],"replies":[{"embeddable":true,"href":"https:\/\/linitiative.ca\/International\/wp-json\/wp\/v2\/comments?post=101754"}],"version-history":[{"count":0,"href":"https:\/\/linitiative.ca\/International\/wp-json\/wp\/v2\/posts\/101754\/revisions"}],"wp:attachment":[{"href":"https:\/\/linitiative.ca\/International\/wp-json\/wp\/v2\/media?parent=101754"}],"wp:term":[{"taxonomy":"category","embeddable":true,"href":"https:\/\/linitiative.ca\/International\/wp-json\/wp\/v2\/categories?post=101754"},{"taxonomy":"post_tag","embeddable":true,"href":"https:\/\/linitiative.ca\/International\/wp-json\/wp\/v2\/tags?post=101754"}],"curies":[{"name":"wp","href":"https:\/\/api.w.org\/{rel}","templated":true}]}}