{"id":101755,"date":"2020-10-14T14:57:24","date_gmt":"2020-10-14T18:57:24","guid":{"rendered":"https:\/\/linitiative.ca\/International\/problematique-des-troisiemes-mandats-en-afrique\/"},"modified":"2020-10-14T14:57:24","modified_gmt":"2020-10-14T18:57:24","slug":"problematique-des-troisiemes-mandats-en-afrique","status":"publish","type":"post","link":"https:\/\/linitiative.ca\/International\/problematique-des-troisiemes-mandats-en-afrique\/","title":{"rendered":"PROBLEMATIQUE DES TROISIEMES MANDATS EN AFRIQUE"},"content":{"rendered":"<div class=\"stream-item stream-item-above-post-content\">\n<p><noscript><\/p>\n<p><a href=\"\/\/www3.smartadserver.com\/ac?jump=1&amp;nwid=2136&amp;siteid=240610&amp;pgname=rg&amp;fmtid=49046&amp;visit=m&amp;tmstp=[timestamp]&amp;out=nonrich\" target=\"_blank\" rel=\"noopener noreferrer\"><img decoding=\"async\" src=\"http:\/\/www3.smartadserver.com\/ac?out=nonrich&amp;nwid=2136&amp;siteid=240610&amp;pgname=rg&amp;fmtid=49046&amp;visit=m&amp;tmstp=[timestamp]\" border=\"0\" alt=\"\"\/><\/a><\/p>\n<p><\/noscript><\/div>\n<p class=\"c3\"><em>D\u00e9cid\u00e9ment, entre le pr\u00e9sident nig\u00e9rien, Mahamadou Issoufou, et la question du troisi\u00e8me mandat, les choses sont claires et nettes. En effet, dans cette Afrique encore \u00e0 la recherche de ses marques, le chef de l\u2019Etat nig\u00e9rien, au d\u00e9tour d\u2019un entretien radiot\u00e9l\u00e9vis\u00e9 accord\u00e9, le 13 octobre dernier, \u00e0 des m\u00e9dias internationaux, a r\u00e9affirm\u00e9 avec force, son rejet d\u2019un troisi\u00e8me mandat. A quelques encablures de la fin de son second quinquennat, c\u2019est dire si le diable du pouvoir \u00e0 vie aura lamentablement \u00e9chou\u00e9 \u00e0 tenter le natif de Dandadji. Et cela est r\u00e9confortant, dans une Afrique en pleine mutation,\u00a0 o\u00f9 la notion de d\u00e9mocratie semble \u00e0 g\u00e9om\u00e9trie variable pour bien des dirigeants qui sont pass\u00e9s, tr\u00e8s souvent au grand dam des d\u00e9mocrates du continent, champions des tripatouillages constitutionnels pour s\u2019accrocher, toute honte bue, \u00e0 un pouvoir pr\u00e9tendument obtenu du peuple. Sont de ceux-l\u00e0, le Guin\u00e9en Alpha Cond\u00e9 et l\u2019Ivoirien Alassane Dramane Ouattara qui tiennent aujourd\u2019hui le haut du pav\u00e9 des fossoyeurs de la d\u00e9mocratie dans la sous-r\u00e9gion ouest-africaine.<\/em><\/p>\n<p class=\"c3\"><em>\u00a0<\/em><\/p>\n<p class=\"c4\"><strong><em>Mahamadou Issoufou m\u00e9rite d\u2019\u00eatre \u00e9lev\u00e9 au rang des vrais d\u00e9mocrates du continent<\/em><\/strong><\/p>\n<p class=\"c3\"><em>\u00a0<\/em><\/p>\n<p class=\"c3\"><em>Eux qui sont pr\u00eats \u00e0 dresser le b\u00fbcher contre leurs peuples respectifs, dans leur volont\u00e9 d\u2019assouvir des ambitions personnelles en foulant all\u00e8grement au pied les r\u00e8gles de l\u2019alternance\u00a0; ces m\u00eames r\u00e8gles qui ont \u00e9t\u00e9 le combat des opposants qu\u2019ils \u00e9taient et par le truchement desquelles ils ont pu \u00a0acc\u00e9der au tr\u00f4ne qu\u2019ils ne veulent plus d\u00e9sormais quitter. Quel paradoxe\u00a0! C\u2019est pourquoi, en cette p\u00e9riode particuli\u00e8rement tumultueuse dans la sous-r\u00e9gion, o\u00f9, des flancs du Fouta Djallon aux rives de la lagune Ebri\u00e9, la question des troisi\u00e8mes mandats n\u2019en finit pas de polluer l\u2019atmosph\u00e8re sociopolitique avec son lot de violences et malheureusement de morts, c\u2019est peu dire que le pr\u00e9sident nig\u00e9rien appara\u00eet, aujourd\u2019hui plus que jamais, comme la mauvaise conscience des dictateurs du continent. Lui qui a su r\u00e9sister \u00e0 la tentation de ce fruit d\u00e9fendu par les d\u00e9mocrates bon teint du continent, \u00e9vitant du m\u00eame coup les affres de la division et des violences meurtri\u00e8res avec leur corollaire de lendemains incertains pour ses compatriotes. Ne serait-ce que pour cela, Mahamadou Issoufou m\u00e9rite, en plus de la stature d\u2019Homme d\u2019Etat, d\u2019\u00eatre \u00e9lev\u00e9 au rang des vrais d\u00e9mocrates du continent. Et cela, pour avoir su \u00e9viter de tomber dans le pi\u00e8ge du culte de l\u2019indispensabilit\u00e9 et de la d\u00e9mocratie en trompe-l\u2019\u0153il, qui fait le malheur de bien \u00a0de ses pairs dont on se demande s\u2019ils ne se croient pas tout droit sortis de la cuisse de Jupiter en montrant des vell\u00e9it\u00e9s de pouvoir \u00e0 vie. Et aussi pour avoir compris que l\u2019alternance demeure aujourd\u2019hui la seule voie cr\u00e9dible d\u2019une gouvernance vertueuse sous nos tropiques. Car, il est bien connu que quand on sait qu\u2019on doit, \u00e0 l\u2019issue de deux mandats, c\u00e9der la place, on travaille \u00e0 ne pas tra\u00eener de casseroles. Alors que quand on \u0153uvre \u00e0 s\u2019\u00e9terniser au pouvoir, c\u2019est la porte ouverte \u00e0 toutes sortes de d\u00e9rives et d\u2019abus dans un monde o\u00f9 le devoir de redevabilit\u00e9 devient un concept aussi creux qu\u2019un tonneau vide. \u00a0<\/em><\/p>\n<p class=\"c3\"><em>\u00a0<\/em><\/p>\n<p class=\"c4\"><strong><em>Pr\u00e9tendre vouloir\u00a0 achever des chantiers avant de partir est une h\u00e9r\u00e9sie qui cache mal des intentions de pouvoir \u00e0 vie<\/em><\/strong><\/p>\n<p class=\"c3\"><em>\u00a0<\/em><\/p>\n<p class=\"c3\"><em>C\u2019est pourquoi l\u2019on peut avoir la faiblesse de croire que si des Mahamadou Issoufou se multipliaient sur le continent, l\u2019Afrique ne s\u2019en porterait que mieux. Car, \u00e0 c\u00f4t\u00e9 de ceux qui sont pr\u00eats \u00e0 briguer un troisi\u00e8me mandat comme ADO et Cond\u00e9, il faut aussi compter ceux qui ne veulent m\u00eame pas entendre parler de limitation de mandats ou qui sont en train de se fossiliser au pouvoir sans rien apporter de nouveau \u00e0 leur peuple, \u00e0 l\u2019instar du Camerounais Paul Biya, du Congolais Denis Sassou Nguesso, du Tchadien Idriss D\u00e9by Itno, du Togolais Faure Gnassingb\u00e9 et on en oublie.\u00a0<\/em> <em>En tout \u00e9tat de cause, cette position du chef de l\u2019Etat nig\u00e9rien sur un sujet aussi sensible que celui des troisi\u00e8mes mandats, qui fait actuellement des vagues dans certains pays de la sous-r\u00e9gion, est une sortie qui l\u2019honore \u00e0 tous points de vue. D\u2019abord, l\u2019homme a toujours fait preuve de constance sur le sujet, allant m\u00eame jusqu\u2019\u00e0 faire jeter en prison, certains de ses z\u00e9lateurs qui s\u2019\u00e9taient voulu les chantres de la question. Ensuite, en d\u00e9signant dans son propre parti politique, un dauphin pour la prochaine pr\u00e9sidentielle, il a fini de convaincre de sa volont\u00e9 de ne pas succomber \u00e0 la tentation du fameux troisi\u00e8me mandat. Et jusqu\u2019\u00e0 preuve du contraire, il ne montre pas le profil de quelqu\u2019un qui pourrait se d\u00e9dire comme Alassane Ouattara, m\u00eame en cas de force majeure. Pour tout cela, Mahamadou Issoufou m\u00e9rite la reconnaissance des d\u00e9mocrates du continent. Il le m\u00e9rite d\u2019autant plus que sans pr\u00e9tendre \u00eatre le dirigeant parfait ni m\u00eame porter un jugement sur qui que ce soit, il a su rester le m\u00eame. Mais il est surtout en train de montrer que le pouvoir n\u2019est pas une fin en soi. C\u2019est pourquoi, pr\u00e9tendre vouloir \u00a0achever des chantiers avant de partir est une h\u00e9r\u00e9sie qui cache mal des intentions de pouvoir \u00e0 vie. Car, par d\u00e9finition, la vie d\u2019une Nation reste ind\u00e9finiment un chantier ouvert. M\u00eame dans mille ans, il y aura toujours des chantiers \u00e0 terminer. Ce n\u2019est donc pas en trois, quatre ni m\u00eame cinq mandats que l\u2019on peut pr\u00e9tendre achever les chantiers d\u2019une Nation. De ce point de vue, si l\u2019on est d\u00e9mocrate dans l\u2019\u00e2me, il faut savoir partir apr\u00e8s avoir apport\u00e9 sa modeste contribution. Tout le reste n\u2019est que viles pr\u00e9tentions qui ne peuvent avoir que des cons\u00e9quences douloureuses pour nos pays, \u00e0 court, moyen ou long terme.<\/em><\/p>\n<p class=\"c3\"><em>\u00a0<\/em><\/p>\n<p class=\"c4\"><strong><em>\u00a0\u00ab\u00a0Le Pays\u00a0\u00bb<\/em><\/strong><\/p>\n<p class=\"c3\"><em>\u00a0<\/em><\/p>\n<p class=\"c3\"><em>\u00a0<\/em><\/p>\n<p>Auteur: Le Pays<br \/>\n<a href=\"http:\/\/lepays.bf\/problematique-des-troisiemes-mandats-en-afrique-2\/\">Cliquez ici pour lire l&rsquo;article depuis sa source.<\/a><\/p>\n","protected":false},"excerpt":{"rendered":"<p>D\u00e9cid\u00e9ment, entre le pr\u00e9sident nig\u00e9rien, Mahamadou Issoufou, et la question du troisi\u00e8me mandat, les choses sont claires et nettes. En effet, dans cette Afrique encore \u00e0 la recherche de ses marques, le chef de l\u2019Etat nig\u00e9rien, au d\u00e9tour d\u2019un entretien radiot\u00e9l\u00e9vis\u00e9 accord\u00e9, le 13 octobre dernier, \u00e0 des m\u00e9dias internationaux, a r\u00e9affirm\u00e9 avec force, son [&hellip;]<\/p>\n","protected":false},"author":1813,"featured_media":0,"comment_status":"closed","ping_status":"closed","sticky":false,"template":"","format":"standard","meta":{"fifu_image_url":"","fifu_image_alt":"","footnotes":""},"categories":[73,81],"tags":[],"class_list":["post-101755","post","type-post","status-publish","format-standard","hentry","category-actualite","category-burkina-faso"],"_links":{"self":[{"href":"https:\/\/linitiative.ca\/International\/wp-json\/wp\/v2\/posts\/101755","targetHints":{"allow":["GET"]}}],"collection":[{"href":"https:\/\/linitiative.ca\/International\/wp-json\/wp\/v2\/posts"}],"about":[{"href":"https:\/\/linitiative.ca\/International\/wp-json\/wp\/v2\/types\/post"}],"author":[{"embeddable":true,"href":"https:\/\/linitiative.ca\/International\/wp-json\/wp\/v2\/users\/1813"}],"replies":[{"embeddable":true,"href":"https:\/\/linitiative.ca\/International\/wp-json\/wp\/v2\/comments?post=101755"}],"version-history":[{"count":0,"href":"https:\/\/linitiative.ca\/International\/wp-json\/wp\/v2\/posts\/101755\/revisions"}],"wp:attachment":[{"href":"https:\/\/linitiative.ca\/International\/wp-json\/wp\/v2\/media?parent=101755"}],"wp:term":[{"taxonomy":"category","embeddable":true,"href":"https:\/\/linitiative.ca\/International\/wp-json\/wp\/v2\/categories?post=101755"},{"taxonomy":"post_tag","embeddable":true,"href":"https:\/\/linitiative.ca\/International\/wp-json\/wp\/v2\/tags?post=101755"}],"curies":[{"name":"wp","href":"https:\/\/api.w.org\/{rel}","templated":true}]}}