{"id":101756,"date":"2020-10-13T17:55:03","date_gmt":"2020-10-13T21:55:03","guid":{"rendered":"https:\/\/linitiative.ca\/International\/gestion-du-fret-par-le-cbc-le-ministre-dabilgou-campe-sur-sa-position\/"},"modified":"2020-10-13T17:55:03","modified_gmt":"2020-10-13T21:55:03","slug":"gestion-du-fret-par-le-cbc-le-ministre-dabilgou-campe-sur-sa-position","status":"publish","type":"post","link":"https:\/\/linitiative.ca\/International\/gestion-du-fret-par-le-cbc-le-ministre-dabilgou-campe-sur-sa-position\/","title":{"rendered":"Gestion du fret par le CBC : Le ministre Dabilgou campe sur sa position"},"content":{"rendered":"<div class=\"td-post-featured-image\" readability=\"35\"><a href=\"https:\/\/www.sidwaya.info\/wp-content\/uploads\/2020\/10\/dabilgou.jpg\" data-caption=\"Pour le ministre des Transports, Vincent T. Dabilgou, le d&#xE9;cret responsabilisant le CBC dans la gestion du fret reste en l&#x2019;&#xE9;tat.\"><img loading=\"lazy\" decoding=\"async\" width=\"696\" height=\"511\" class=\"entry-thumb td-modal-image\" src=\"https:\/\/www.sidwaya.info\/wp-content\/uploads\/2020\/10\/dabilgou-696x511.jpg\" srcset=\"https:\/\/www.sidwaya.info\/wp-content\/uploads\/2020\/10\/dabilgou-696x511.jpg 696w, https:\/\/www.sidwaya.info\/wp-content\/uploads\/2020\/10\/dabilgou-300x220.jpg 300w, https:\/\/www.sidwaya.info\/wp-content\/uploads\/2020\/10\/dabilgou-572x420.jpg 572w, https:\/\/www.sidwaya.info\/wp-content\/uploads\/2020\/10\/dabilgou-80x60.jpg 80w, https:\/\/www.sidwaya.info\/wp-content\/uploads\/2020\/10\/dabilgou.jpg 700w\" sizes=\"auto, (max-width: 696px) 100vw, 696px\" alt=\"\" title=\"dabilgou\"\/><\/a>Pour le ministre des Transports, Vincent T. Dabilgou, le d\u00e9cret responsabilisant le CBC dans la gestion du fret reste en l\u2019\u00e9tat.<\/div>\n<p><strong>Le ministre des Transports, de la Mobilit\u00e9 urbaine et de la S\u00e9curit\u00e9 routi\u00e8re, Vincent T. Dabilgou, a au cours d\u2019un point de presse du gouvernement, livr\u00e9 sa version des faits sur la pol\u00e9mique relative \u00e0 la gestion du fret par le Conseil burkinab\u00e8 des chargeurs (CBC), le mardi 13 octobre 2020 \u00e0 Ouagadougou.<\/strong><\/p>\n<p>Le ministre des Transports, de la Mobilit\u00e9 urbaine et de la S\u00e9curit\u00e9 routi\u00e8re, Vincent T. Dabilgou, dit ne pas se reconnaitre dans les accusations port\u00e9es contre lui par les acteurs de la Fa\u00eeti\u00e8re unique des transporteurs routiers du Burkina (FUTRB). A la suite des transporteurs, il a aussi organis\u00e9 une conf\u00e9rence de presse, le mardi 13 octobre 2020 \u00e0 Ouagadougou, afin d\u2019apporter des \u00e9clairages sur la gestion du fret en provenance et \u00e0 destination du Burkina Faso, r\u00e9cemment attribu\u00e9e par le gouvernement au Conseil burkinab\u00e8 des chargeurs (CBC) par un d\u00e9cret minist\u00e9riel.<\/p>\n<p>D\u2019embl\u00e9e, le ministre a indiqu\u00e9 qu\u2019il ne s\u2019agit pas d\u2019une r\u00e9plique \u00e0 la suite de la sortie des transporteurs. \u00ab Ce n\u2019est pas une r\u00e9ponse \u00e0 la FUTRB. Mais une conf\u00e9rence voulue par le chef du gouvernement dans le souci de r\u00e9agir face \u00e0 un sujet de l\u2019heure \u00bb, a-t-il dit. Pour M. Dabilgou, le Burkina Faso est un pays de l\u2019hinterland, sans d\u00e9bouch\u00e9 maritime, qui fait la quasi-totalit\u00e9 de son transport par voie terrestre. Ce faisant, le ministre a pr\u00e9cis\u00e9 qu\u2019il est n\u00e9cessaire de disposer d\u2019un outil op\u00e9rationnel qui va g\u00e9rer dans la transparence le trafic et le fret. Selon le ministre Dabilgou, ce r\u00f4le peut \u00eatre bien assum\u00e9 par le CBC.<\/p>\n<p><img decoding=\"async\" loading=\"lazy\" class=\"size-medium wp-image-27778\" src=\"https:\/\/www.sidwaya.info\/wp-content\/uploads\/2020\/10\/fret-300x200.jpg\" alt=\"\" width=\"300\" height=\"200\" srcset=\"https:\/\/www.sidwaya.info\/wp-content\/uploads\/2020\/10\/fret-300x200.jpg 300w, https:\/\/www.sidwaya.info\/wp-content\/uploads\/2020\/10\/fret-768x512.jpg 768w, https:\/\/www.sidwaya.info\/wp-content\/uploads\/2020\/10\/fret-696x464.jpg 696w, https:\/\/www.sidwaya.info\/wp-content\/uploads\/2020\/10\/fret-630x420.jpg 630w, https:\/\/www.sidwaya.info\/wp-content\/uploads\/2020\/10\/fret.jpg 787w\" sizes=\"auto, (max-width: 300px) 100vw, 300px\"\/>Les transporteurs routiers ont \u00e9t\u00e9 invit\u00e9s au dialogue et \u00e0 la retenue.<\/p>\n<p>\u00ab En 1996, la gestion du fret \u00e9tait du ressort du CBC. On a \u00e0 un moment donn\u00e9 confi\u00e9 cette mission \u00e0 l\u2019Office des transporteurs du Faso (OTRAF) qui \u00e9tait une v\u00e9ritable fa\u00eeti\u00e8re unique. Aujourd\u2019hui, avec le foisonnement des syndicats dans le secteur des transports et au regard de l\u2019incapacit\u00e9 des acteurs \u00e0 mettre en place une seule et unique fa\u00eeti\u00e8re, l\u2019Etat est en droit de reprendre le contr\u00f4le du fret, les transporteurs n\u2019ayant pas pu mettre en place une fa\u00eeti\u00e8re unique comme souhait\u00e9 par l\u2019ex\u00e9cutif \u00bb, a dit M. Dabilgou.<\/p>\n<p>Quelle place accordez-vous \u00e0 la FUTRB ? A cette question le ministre a indiqu\u00e9 que la fa\u00eeti\u00e8re ne regroupe pas l\u2019ensemble des associations syndicales du transport. Sur ces entrefaites, il a soutenu que le d\u00e9cret relatif \u00e0 la gestion du fret par le CBC reste en l\u2019\u00e9tat. Et le premier responsable du d\u00e9partement des transports au Burkina d\u2019indiquer que le secteur est dynamique et que l\u2019Etat entend professionnaliser le monde du transport, tout en l\u2019inscrivant sur une base l\u00e9gale et r\u00e8glementaire s\u00fbre.<\/p>\n<p>\u00ab Des r\u00e9formes sont n\u00e9cessaires pour aller de l\u2019avant. C\u2019est pourquoi, le gouvernement a pris des dispositions r\u00e9formatrices pour le secteur des transports afin de cr\u00e9er des emplois et promouvoir un d\u00e9veloppement socio\u00e9conomique durable \u00bb, a expliqu\u00e9 le ministre. Quelle sera l\u2019issue de cette affaire ?<\/p>\n<p>En r\u00e9ponse \u00e0 cette question, le ministre recommande \u00e0 ses collaborateurs la retenue et le dialogue. En attendant, a-t-il dit, le d\u00e9cret reste et demeure tel qu\u2019il est.<br \/>Car pour lui, tout amendement visant \u00e0 mettre en cause ledit d\u00e9cret sera rejet\u00e9. Toutefois, le ministre Dabilgou a invit\u00e9 les acteurs du transport au dialogue et \u00e0 la retenue, afin de pr\u00e9server l\u2019int\u00e9r\u00eat sup\u00e9rieur du pays.<\/p>\n<p class=\"c1\"><strong>Wanl\u00e9 G\u00e9rard COULIBALY<\/strong><\/p>\n<div class=\"td-a-rec td-a-rec-id-content_bottom tdi_30_66f td_block_template_1\"><img loading=\"lazy\" decoding=\"async\" class=\"aligncenter size-full wp-image-27454\" src=\"https:\/\/www.sidwaya.info\/wp-content\/uploads\/2020\/10\/PUB-Bandeau-paiement-mobile-siteweb.jpg\" alt=\"\" width=\"728\" height=\"90\"\/><\/div>\n<p>Auteur: JK. Sidwaya<br \/>\n<a href=\"https:\/\/www.sidwaya.info\/blog\/2020\/10\/13\/gestion-du-fret-par-le-cbc-le-ministre-dabilgou-campe-sur-sa-position\/\">Cliquez ici pour lire l&rsquo;article depuis sa source.<\/a><\/p>\n","protected":false},"excerpt":{"rendered":"<p>Pour le ministre des Transports, Vincent T. Dabilgou, le d\u00e9cret responsabilisant le CBC dans la gestion du fret reste en l\u2019\u00e9tat. Le ministre des Transports, de la Mobilit\u00e9 urbaine et de la S\u00e9curit\u00e9 routi\u00e8re, Vincent T. Dabilgou, a au cours d\u2019un point de presse du gouvernement, livr\u00e9 sa version des faits sur la pol\u00e9mique relative [&hellip;]<\/p>\n","protected":false},"author":1816,"featured_media":101757,"comment_status":"closed","ping_status":"closed","sticky":false,"template":"","format":"standard","meta":{"fifu_image_url":"","fifu_image_alt":"","footnotes":""},"categories":[73,81],"tags":[],"class_list":["post-101756","post","type-post","status-publish","format-standard","has-post-thumbnail","hentry","category-actualite","category-burkina-faso"],"_links":{"self":[{"href":"https:\/\/linitiative.ca\/International\/wp-json\/wp\/v2\/posts\/101756","targetHints":{"allow":["GET"]}}],"collection":[{"href":"https:\/\/linitiative.ca\/International\/wp-json\/wp\/v2\/posts"}],"about":[{"href":"https:\/\/linitiative.ca\/International\/wp-json\/wp\/v2\/types\/post"}],"author":[{"embeddable":true,"href":"https:\/\/linitiative.ca\/International\/wp-json\/wp\/v2\/users\/1816"}],"replies":[{"embeddable":true,"href":"https:\/\/linitiative.ca\/International\/wp-json\/wp\/v2\/comments?post=101756"}],"version-history":[{"count":0,"href":"https:\/\/linitiative.ca\/International\/wp-json\/wp\/v2\/posts\/101756\/revisions"}],"wp:featuredmedia":[{"embeddable":true,"href":"https:\/\/linitiative.ca\/International\/wp-json\/"}],"wp:attachment":[{"href":"https:\/\/linitiative.ca\/International\/wp-json\/wp\/v2\/media?parent=101756"}],"wp:term":[{"taxonomy":"category","embeddable":true,"href":"https:\/\/linitiative.ca\/International\/wp-json\/wp\/v2\/categories?post=101756"},{"taxonomy":"post_tag","embeddable":true,"href":"https:\/\/linitiative.ca\/International\/wp-json\/wp\/v2\/tags?post=101756"}],"curies":[{"name":"wp","href":"https:\/\/api.w.org\/{rel}","templated":true}]}}