{"id":101758,"date":"2020-10-13T17:59:14","date_gmt":"2020-10-13T21:59:14","guid":{"rendered":"https:\/\/linitiative.ca\/International\/1re-edition-de-ouaga-social-media-session-pour-un-usage-efficient-des-reseaux-sociaux\/"},"modified":"2020-10-13T17:59:14","modified_gmt":"2020-10-13T21:59:14","slug":"1re-edition-de-ouaga-social-media-session-pour-un-usage-efficient-des-reseaux-sociaux","status":"publish","type":"post","link":"https:\/\/linitiative.ca\/International\/1re-edition-de-ouaga-social-media-session-pour-un-usage-efficient-des-reseaux-sociaux\/","title":{"rendered":"1re  \u00e9dition de Ouaga Social m\u00e9dia session : Pour un usage efficient des r\u00e9seaux sociaux"},"content":{"rendered":"<div class=\"td-post-featured-image\" readability=\"35\"><a href=\"https:\/\/www.sidwaya.info\/wp-content\/uploads\/2020\/10\/dabilgou.jpg\" data-caption=\"Pour le ministre des Transports, Vincent T. Dabilgou, le d&#xE9;cret responsabilisant le CBC dans la gestion du fret reste en l&#x2019;&#xE9;tat.\"><img loading=\"lazy\" decoding=\"async\" width=\"696\" height=\"511\" class=\"entry-thumb td-modal-image\" src=\"https:\/\/www.sidwaya.info\/wp-content\/uploads\/2020\/10\/dabilgou-696x511.jpg\" srcset=\"https:\/\/www.sidwaya.info\/wp-content\/uploads\/2020\/10\/dabilgou-696x511.jpg 696w, https:\/\/www.sidwaya.info\/wp-content\/uploads\/2020\/10\/dabilgou-300x220.jpg 300w, https:\/\/www.sidwaya.info\/wp-content\/uploads\/2020\/10\/dabilgou-572x420.jpg 572w, https:\/\/www.sidwaya.info\/wp-content\/uploads\/2020\/10\/dabilgou-80x60.jpg 80w, https:\/\/www.sidwaya.info\/wp-content\/uploads\/2020\/10\/dabilgou.jpg 700w\" sizes=\"auto, (max-width: 696px) 100vw, 696px\" alt=\"\" title=\"dabilgou\"\/><\/a>Pour le ministre des Transports, Vincent T. Dabilgou, le d\u00e9cret responsabilisant le CBC dans la gestion du fret reste en l\u2019\u00e9tat.<\/div>\n<p><strong>L\u2019organisation Jokkolabs a anim\u00e9 une conf\u00e9rence de presse, le vendredi 9 octobre 2020 \u00e0 Ouagadougou, pour annoncer la tenue de la 1re \u00e9dition de Ouaga Social m\u00e9dia session (Ouaga SMS).<\/strong><\/p>\n<p>Ouagadougou accueillera les 22 et 23 octobre 2020, la 1re \u00e9dition de Ouaga Social m\u00e9dia session (Ouaga SMS). Ouaga SMS est un atelier de formation dont l\u2019objectif principal est d\u2019aider les partis politiques, les m\u00e9dias, les organisations de la soci\u00e9t\u00e9 civile et les activistes \u00e0 participer au d\u00e9bat politique \u00e0 venir (\u00e9lections pr\u00e9sidentielle et l\u00e9gislatives de novembre 2020) par un usage efficient, \u00e9thique des nouveaux m\u00e9dias, et favoriser un climat de paix.<\/p>\n<p>60 personnes compos\u00e9es essentiellement des charg\u00e9s de communication digitale des partis politiques, les journalistes des m\u00e9dias d\u2019Etat, des m\u00e9dias priv\u00e9s et de la presse en ligne, les organisations de la soci\u00e9t\u00e9 civile, des activistes et autres acteurs de conversation sur les r\u00e9seaux sociaux seront concern\u00e9es par ce Ouaga SMS. Ces informations ont \u00e9t\u00e9 donn\u00e9es, le vendredi 9 octobre 2020 \u00e0 Ouagadougou, au cours d\u2019une conf\u00e9rence de presse anim\u00e9e par l\u2019organisation Jokkolabs. Pour l\u2019atteinte de leur objectif g\u00e9n\u00e9ral, Ouaga SMS, selon le manager de Jokkolabs, Franck Bilogo aura pour r\u00f4le, entre autres, d\u2019apprendre aux participants \u00e0 mieux utiliser les plateformes Facebook et Twitter en p\u00e9riode d\u2019\u00e9ch\u00e9ances \u00e9lectorales et \u00e0 analyser des publications sur les r\u00e9seaux sociaux.<\/p>\n<p>A la fin de la rencontre, les participants, a fait savoir M. Bilogo, pourront \u00e9tablir un calendrier \u00e9ditorial pour leurs publications et mettre en avant leurs organisations ou leurs opinions dans la courtoisie en vue de maintenir un climat apais\u00e9. En outre, ils seront outill\u00e9s, a-t-il poursuivi, sur des connaissances permettant d\u2019\u00e9viter de tomber sous le coup de la loi \u00e0 travers leurs publications. A la question des journalistes de savoir quelles seront les activit\u00e9s au programme, le manager de Jokkolabs a indiqu\u00e9 qu\u2019il y aura des conf\u00e9rences, des panels avec des experts et sp\u00e9cialistes en communication (digitale), en marketing digital, des professionnels de la s\u00e9curit\u00e9 num\u00e9rique et des juristes.<\/p>\n<p>En plus, il est pr\u00e9vu, a ajout\u00e9 M. Bilogo, des ateliers pratiques au profit de tous les participants. En ce qui concerne le contexte de justification de Ouaga SMS, le conf\u00e9rencier, Lassana Barry a soulign\u00e9 que tout est parti des nombreuses \u201cattaques\u201d constat\u00e9es sur internet entre les militants et membres sympathisants des partis politiques, les syndicats et OSC. A l\u2019entendre, il ressort \u201cmalheureusement\u201d une mauvaise maitrise des nouveaux m\u00e9dias par ces diff\u00e9rents acteurs. \u00ab Il est n\u00e9cessaire de mener une sensibilisation \u00e0 l\u2019usage des r\u00e9seaux sociaux pour contribuer \u00e0 un climat apais\u00e9. Cela passe par une formation technique, \u00e9ditoriale et \u00e9thique \u00bb, a-t-il conclu.<\/p>\n<p class=\"c1\"><strong>Hadofini Clotilde BICABA<\/strong><br \/>(Collaboratrice)<\/p>\n<div class=\"td-a-rec td-a-rec-id-content_bottom tdi_30_115 td_block_template_1\"><img loading=\"lazy\" decoding=\"async\" class=\"aligncenter size-full wp-image-27454\" src=\"https:\/\/www.sidwaya.info\/wp-content\/uploads\/2020\/10\/PUB-Bandeau-paiement-mobile-siteweb.jpg\" alt=\"\" width=\"728\" height=\"90\"\/><\/div>\n<p>Auteur: JK. Sidwaya<br \/>\n<a href=\"https:\/\/www.sidwaya.info\/blog\/2020\/10\/13\/1re-edition-de-ouaga-social-media-session-pour-un-usage-efficient-des-reseaux-sociaux\/\">Cliquez ici pour lire l&rsquo;article depuis sa source.<\/a><\/p>\n","protected":false},"excerpt":{"rendered":"<p>Pour le ministre des Transports, Vincent T. Dabilgou, le d\u00e9cret responsabilisant le CBC dans la gestion du fret reste en l\u2019\u00e9tat. L\u2019organisation Jokkolabs a anim\u00e9 une conf\u00e9rence de presse, le vendredi 9 octobre 2020 \u00e0 Ouagadougou, pour annoncer la tenue de la 1re \u00e9dition de Ouaga Social m\u00e9dia session (Ouaga SMS). Ouagadougou accueillera les 22 [&hellip;]<\/p>\n","protected":false},"author":1816,"featured_media":101759,"comment_status":"closed","ping_status":"closed","sticky":false,"template":"","format":"standard","meta":{"fifu_image_url":"","fifu_image_alt":"","footnotes":""},"categories":[73,81],"tags":[],"class_list":["post-101758","post","type-post","status-publish","format-standard","has-post-thumbnail","hentry","category-actualite","category-burkina-faso"],"_links":{"self":[{"href":"https:\/\/linitiative.ca\/International\/wp-json\/wp\/v2\/posts\/101758","targetHints":{"allow":["GET"]}}],"collection":[{"href":"https:\/\/linitiative.ca\/International\/wp-json\/wp\/v2\/posts"}],"about":[{"href":"https:\/\/linitiative.ca\/International\/wp-json\/wp\/v2\/types\/post"}],"author":[{"embeddable":true,"href":"https:\/\/linitiative.ca\/International\/wp-json\/wp\/v2\/users\/1816"}],"replies":[{"embeddable":true,"href":"https:\/\/linitiative.ca\/International\/wp-json\/wp\/v2\/comments?post=101758"}],"version-history":[{"count":0,"href":"https:\/\/linitiative.ca\/International\/wp-json\/wp\/v2\/posts\/101758\/revisions"}],"wp:featuredmedia":[{"embeddable":true,"href":"https:\/\/linitiative.ca\/International\/wp-json\/"}],"wp:attachment":[{"href":"https:\/\/linitiative.ca\/International\/wp-json\/wp\/v2\/media?parent=101758"}],"wp:term":[{"taxonomy":"category","embeddable":true,"href":"https:\/\/linitiative.ca\/International\/wp-json\/wp\/v2\/categories?post=101758"},{"taxonomy":"post_tag","embeddable":true,"href":"https:\/\/linitiative.ca\/International\/wp-json\/wp\/v2\/tags?post=101758"}],"curies":[{"name":"wp","href":"https:\/\/api.w.org\/{rel}","templated":true}]}}