{"id":101760,"date":"2020-10-13T18:03:10","date_gmt":"2020-10-13T22:03:10","guid":{"rendered":"https:\/\/linitiative.ca\/International\/formation-professionnelle-et-emploi-des-jeunes-expertise-france-satisfaite-de-ses-actions\/"},"modified":"2020-10-13T18:03:10","modified_gmt":"2020-10-13T22:03:10","slug":"formation-professionnelle-et-emploi-des-jeunes-expertise-france-satisfaite-de-ses-actions","status":"publish","type":"post","link":"https:\/\/linitiative.ca\/International\/formation-professionnelle-et-emploi-des-jeunes-expertise-france-satisfaite-de-ses-actions\/","title":{"rendered":"Formation professionnelle et emploi des jeunes : Expertise France, satisfaite de ses actions"},"content":{"rendered":"<div class=\"td-post-featured-image\" readability=\"32\"><a href=\"https:\/\/www.sidwaya.info\/wp-content\/uploads\/2020\/10\/expertisefr.jpg\" data-caption=\"La probl&#xE9;matique de l&#x2019;emploi des jeunes a &#xE9;t&#xE9; au centre des &#xE9;changes.\"><img loading=\"lazy\" decoding=\"async\" width=\"696\" height=\"306\" class=\"entry-thumb td-modal-image\" src=\"https:\/\/www.sidwaya.info\/wp-content\/uploads\/2020\/10\/expertisefr-696x306.jpg\" srcset=\"https:\/\/www.sidwaya.info\/wp-content\/uploads\/2020\/10\/expertisefr-696x306.jpg 696w, https:\/\/www.sidwaya.info\/wp-content\/uploads\/2020\/10\/expertisefr-300x132.jpg 300w, https:\/\/www.sidwaya.info\/wp-content\/uploads\/2020\/10\/expertisefr-768x338.jpg 768w, https:\/\/www.sidwaya.info\/wp-content\/uploads\/2020\/10\/expertisefr.jpg 780w\" sizes=\"auto, (max-width: 696px) 100vw, 696px\" alt=\"\" title=\"expertisefr\"\/><\/a>La probl\u00e9matique de l\u2019emploi des jeunes a \u00e9t\u00e9 au centre des \u00e9changes.<\/div>\n<p><strong>Les rencontres r\u00e9gionales et nationales sur la formation professionnelle, la cr\u00e9ation d\u2019entreprises et l\u2019emploi, initi\u00e9es par Expertise France et le minist\u00e8re en charge de la jeunesse se sont achev\u00e9es, le jeudi 8 octobre \u00e0 Ouagadougou.<\/strong><\/p>\n<p>Les 48 heures d\u2019\u00e9changes initi\u00e9es par Expertise France et le minist\u00e8re de la Jeunesse et de la Promotion de l\u2019Entrepreneuriat des jeunes sur la formation professionnelle des jeunes et l\u2019accompagnement d\u2019entreprises cr\u00e9atrices d\u2019emploi a connu son apoth\u00e9ose, le jeudi 8 octobre 2020 \u00e0 Ouagadougou. Des t\u00e9moignages de satisfaction et de f\u00e9licitation, qui ont \u00e9t\u00e9 traduits par les organisateurs au vu du succ\u00e8s de cette seconde \u00e9dition. Selon le directeur du d\u00e9partement capital humain et de d\u00e9veloppement social d\u2019Expertise France, Fr\u00e9deric Sansier, son d\u00e9partement a pilot\u00e9 l\u2019ensemble des projets mis en \u0153uvre par Expertise France au Burkina Faso dans le secteur de l\u2019emploi et de la formation professionnelle.<\/p>\n<p>\u00ab Dans le contexte global de notre intervention, cette rencontre s\u2019inscrit dans le cadre de plusieurs activit\u00e9s que nous menons au Burkina Faso, en particulier dans les r\u00e9gions du Nord, de la Boucle du Mouhoun et du Sahel en faveur de la promotion de l\u2019emploi et la formation professionnelle en faveur des jeunes et des femmes. L\u2019objectif de ces deux journ\u00e9es \u00e9tait de favoriser les \u00e9changes entre les acteurs \u0153uvrant dans le domaine de l\u2019emploi et de la formation professionnelle et dans d\u2019autres pays, d\u00e9velopper des synergies entre les acteurs de l\u2019emploi qu\u2019ils soient de la soci\u00e9t\u00e9 civile, du secteur priv\u00e9, des institutions publiques ou des collectivit\u00e9s territoriales, des \u00e9lus locaux ou encore d\u2019organisations internationales \u00bb, a signifi\u00e9 M. Sansier.<\/p>\n<p>Pour lui, \u00e9changer sur les exp\u00e9riences de la premi\u00e8re \u00e9dition afin de favoriser une capitalisation et une multiplication des bonnes pratiques en mati\u00e8re de gestion de projets, faisaient partie des objectifs vis\u00e9s par cette rencontre. \u00ab Nous travaillions sur des projets financ\u00e9s par l\u2019Union europ\u00e9enne, l\u2019Agence fran\u00e7aise du d\u00e9veloppement et le gouvernement fran\u00e7ais. Le projet actuel arrive \u00e0 termes, il est suivi par un nouveau financement de l\u2019AFD et nous allons probablement prolonger avec une intervention dans une nouvelle r\u00e9gion, notamment la r\u00e9gion du Centre \u00e0 travers un financement \u00bb, a-t-il affirm\u00e9. Pour lui, il faut donc accompagner et renforcer les capacit\u00e9s et les comp\u00e9tences de personnes d\u00e9j\u00e0 aguerries en mati\u00e8re de gestion de projets et budg\u00e9taire.<\/p>\n<p><img decoding=\"async\" loading=\"lazy\" class=\"size-medium wp-image-27787\" src=\"https:\/\/www.sidwaya.info\/wp-content\/uploads\/2020\/10\/exper-300x241.jpg\" alt=\"\" width=\"300\" height=\"241\" srcset=\"https:\/\/www.sidwaya.info\/wp-content\/uploads\/2020\/10\/exper-300x241.jpg 300w, https:\/\/www.sidwaya.info\/wp-content\/uploads\/2020\/10\/exper-696x559.jpg 696w, https:\/\/www.sidwaya.info\/wp-content\/uploads\/2020\/10\/exper-523x420.jpg 523w, https:\/\/www.sidwaya.info\/wp-content\/uploads\/2020\/10\/exper.jpg 700w\" sizes=\"auto, (max-width: 300px) 100vw, 300px\"\/>Le directeur charg\u00e9 du d\u00e9partement capital humain et de d\u00e9veloppement social d\u2019Expertises France, Fr\u00e9deric Sansier (micro) : \u00ab Nous avons pu former plus de 8000 personnes \u00e0 quarante m\u00e9tiers, cr\u00e9er des emplois p\u00e9renne pour plus de 2000 personnes\u00bb.<\/p>\n<p>La capitalisation des actions men\u00e9es dans les zones frontali\u00e8res est plus qu\u2019une satisfaction, a-t-il dit. Il a ajout\u00e9 : \u00ab Nous avons pu former plus de 8000 personnes \u00e0 quarante m\u00e9tiers. Nous avons cr\u00e9\u00e9 des emplois pour plus de 2000 personnes de mani\u00e8re p\u00e9renne, d\u00e9velopp\u00e9 et accompagn\u00e9 133 petites entreprises et une trentaine de collectivit\u00e9s \u00bb. Ces deux jours d\u2019\u00e9changes ont \u00e9galement \u00e9t\u00e9 pour lui un cadre pour Expertise France de capitaliser ses acquis engrang\u00e9s durant ces deux ann\u00e9es d\u2019intervention dans les r\u00e9gions \u00e0 fort d\u00e9fis s\u00e9curitaires.<\/p>\n<p>\u00ab Ces rencontres n\u2019ont pas n\u00e9cessairement pour vocation de statuer sur la prolongation ind\u00e9finiment du programme de formation professionnelle. Et si elle doit se reproduire l\u2019ann\u00e9e prochaine, ce que nous esp\u00e9rons d\u2019ailleurs, cela doit \u00eatre une d\u00e9cision des autorit\u00e9s burkinab\u00e8 et nous seront bien s\u00fbr \u00e0 leurs c\u00f4t\u00e9s pour les accompagner \u00bb, a precis\u00e9 le directeur d\u00e9partement capital humain d\u2019Expertise France.<\/p>\n<h3>Des investissements \u00e0 longue dur\u00e9e<\/h3>\n<p>A son avis, les questions de l\u2019emploi au Burkina Faso, n\u00e9cessitent des investissements \u00e0 longue dur\u00e9e. C\u2019est pourquoi, son d\u00e9partement appelle les acteurs \u00e0 se servir des exp\u00e9riences d\u00e9j\u00e0 acquises aux c\u00f4t\u00e9s de leurs partenaires sur le terrain pour pouvoir apr\u00e8s assurer la rel\u00e8ve. \u00abA un moment donn\u00e9, les acteurs sur le terrain doivent s\u2019approprier les exp\u00e9riences, des outils et les transformer \u00e9ventuellement en fonction des r\u00e9alit\u00e9s sur le terrain pour pouvoir atteindre l\u2019objectif de leur combat \u00bb, a-t-il insist\u00e9. Le responsable suivi-\u00e9valuation de petites et moyennes entreprises de Djibo a traduit sa reconnaissance aux initiateurs du programme.<\/p>\n<p>\u00ab Les th\u00e8mes de cette 2e \u00e9dition ont \u00e9t\u00e9 importants avec beaucoup d\u2019apports en mati\u00e8re de formation professionnelle et d\u2019entrepreneuriat. Les d\u00e9bats ont \u00e9t\u00e9 participatifs et ont permis \u00e0 chaque participant de s\u2019exprimer sur leurs besoins \u00bb, a-t-il lanc\u00e9. Formateur dans la Boucle du Mouhoun, Yacouba Traor\u00e9 a estim\u00e9 que le fait que la majeure partie des prix soit remport\u00e9e par les jeunes entrepreneurs de cette r\u00e9gion est li\u00e9 \u00e0 la qualit\u00e9 de leur formation.<\/p>\n<p class=\"c1\"><strong>Mamourou BENAO<\/strong><br \/>(Collaborateur)<\/p>\n<div class=\"td-a-rec td-a-rec-id-content_bottom tdi_30_538 td_block_template_1\"><img loading=\"lazy\" decoding=\"async\" class=\"aligncenter size-full wp-image-27454\" src=\"https:\/\/www.sidwaya.info\/wp-content\/uploads\/2020\/10\/PUB-Bandeau-paiement-mobile-siteweb.jpg\" alt=\"\" width=\"728\" height=\"90\"\/><\/div>\n<p>Auteur: JK. Sidwaya<br \/>\n<a href=\"https:\/\/www.sidwaya.info\/blog\/2020\/10\/13\/formation-professionnelle-et-emploi-des-jeunes-expertise-france-satisfaite-de-ses-actions\/\">Cliquez ici pour lire l&rsquo;article depuis sa source.<\/a><\/p>\n","protected":false},"excerpt":{"rendered":"<p>La probl\u00e9matique de l\u2019emploi des jeunes a \u00e9t\u00e9 au centre des \u00e9changes. Les rencontres r\u00e9gionales et nationales sur la formation professionnelle, la cr\u00e9ation d\u2019entreprises et l\u2019emploi, initi\u00e9es par Expertise France et le minist\u00e8re en charge de la jeunesse se sont achev\u00e9es, le jeudi 8 octobre \u00e0 Ouagadougou. Les 48 heures d\u2019\u00e9changes initi\u00e9es par Expertise France [&hellip;]<\/p>\n","protected":false},"author":1816,"featured_media":101761,"comment_status":"closed","ping_status":"closed","sticky":false,"template":"","format":"standard","meta":{"fifu_image_url":"","fifu_image_alt":"","footnotes":""},"categories":[73,81],"tags":[],"class_list":["post-101760","post","type-post","status-publish","format-standard","has-post-thumbnail","hentry","category-actualite","category-burkina-faso"],"_links":{"self":[{"href":"https:\/\/linitiative.ca\/International\/wp-json\/wp\/v2\/posts\/101760","targetHints":{"allow":["GET"]}}],"collection":[{"href":"https:\/\/linitiative.ca\/International\/wp-json\/wp\/v2\/posts"}],"about":[{"href":"https:\/\/linitiative.ca\/International\/wp-json\/wp\/v2\/types\/post"}],"author":[{"embeddable":true,"href":"https:\/\/linitiative.ca\/International\/wp-json\/wp\/v2\/users\/1816"}],"replies":[{"embeddable":true,"href":"https:\/\/linitiative.ca\/International\/wp-json\/wp\/v2\/comments?post=101760"}],"version-history":[{"count":0,"href":"https:\/\/linitiative.ca\/International\/wp-json\/wp\/v2\/posts\/101760\/revisions"}],"wp:featuredmedia":[{"embeddable":true,"href":"https:\/\/linitiative.ca\/International\/wp-json\/"}],"wp:attachment":[{"href":"https:\/\/linitiative.ca\/International\/wp-json\/wp\/v2\/media?parent=101760"}],"wp:term":[{"taxonomy":"category","embeddable":true,"href":"https:\/\/linitiative.ca\/International\/wp-json\/wp\/v2\/categories?post=101760"},{"taxonomy":"post_tag","embeddable":true,"href":"https:\/\/linitiative.ca\/International\/wp-json\/wp\/v2\/tags?post=101760"}],"curies":[{"name":"wp","href":"https:\/\/api.w.org\/{rel}","templated":true}]}}