{"id":101765,"date":"2020-10-14T13:33:28","date_gmt":"2020-10-14T17:33:28","guid":{"rendered":"https:\/\/linitiative.ca\/International\/harold-moukoudi-je-veux-gagner-des-titres-avec-le-cameroun\/"},"modified":"2020-10-14T13:33:28","modified_gmt":"2020-10-14T17:33:28","slug":"harold-moukoudi-je-veux-gagner-des-titres-avec-le-cameroun","status":"publish","type":"post","link":"https:\/\/linitiative.ca\/International\/harold-moukoudi-je-veux-gagner-des-titres-avec-le-cameroun\/","title":{"rendered":"Harold Moukoudi : \u00ab je veux gagner des titres avec le Cameroun \u00bb"},"content":{"rendered":"<h2>Le d\u00e9fenseur central de Saint- Etienne, \u00e9lu \u00ab Homme du match \u00bb lors de la rencontre amicale Japon-Cameroun du 9 octobre dernier, explique pourquoi il veut s\u2019installer durablement \u00e0 la charni\u00e8re centrale des Lions indomptables<\/h2>\n<p>JournalduCameroun.com a obtenu une interview exclusive avec <strong>Harold Moukoudi<\/strong>, le d\u00e9fenseur central de Saint- Etienne (Ligue 1). Dans cet entretien, le natif de Bondy (France), qui aura 23 ans le 27 novembre, explique son envie de briller sous les couleurs de l\u2019\u00e9quipe nationale de football du Cameroun.<\/p>\n<p><strong>[JournalduCameroun.com] Avec le recul, quelle analyse faites-vous du match Japon-Cameroun disput\u00e9 le 9 octobre dernier?\u00a0<\/strong><\/p>\n<p><span class=\"c7\">[Harold Moukoudi] Je trouve malgr\u00e9 tout que nous avons fait une performance correcte, m\u00eame si je pense que nous pouvions mieux faire. Il ne faut pas oublier qu\u2019il y avait pas mal de nouveaux joueurs qui portaient pour la premi\u00e8re fois le maillot des Lions. Dans l\u2019ensemble, je dirais qu\u2019on a fait un match correct. On a fait une bonne premi\u00e8re mi-temps, avec des occasions pour mener au score.<\/span><\/p>\n<p><span class=\"c7\">A la deuxi\u00e8me mi-temps, c\u2019\u00e9tait beaucoup plus compliqu\u00e9, nous avons eu moins de ma\u00eetrise. C\u2019\u00e9tait plus compliqu\u00e9 techniquement, le Japon a chang\u00e9 son dispositif tactique. Du coup, nous \u00e9tions un peu plus en difficult\u00e9s, mais nous sommes rest\u00e9s solides. Ce qu\u2019on va retenir de ce match c\u2019est la solidit\u00e9 d\u00e9fensive et je pense que c\u2019est de bon augure pour la suite, parce que le Japon est une belle \u00e9quipe de football.<\/span><\/p>\n<p><strong>Comment se passe votre int\u00e9gration dans cette \u00e9quipe du Cameroun?<\/strong><\/p>\n<p><span class=\"c7\">Mon int\u00e9gration avec les Lions se passe tr\u00e8s bien. J\u2019ai \u00e9t\u00e9 bien accueilli, maintenant \u00e7a fait plus d\u2019un an que je suis en s\u00e9lection, m\u00eame s\u2019il n\u2019y a pas eu de regroupements entretemps. Nous avons un groupe WhatsApp o\u00f9 nous communiquons de temps en temps. Je me sens tr\u00e8s bien dans l\u2019\u00e9quipe, je pense que \u00e7a s\u2019est vu aussi sur le terrain. Je suis content parce que c\u2019est vraiment une famille. On me l\u2019avait dit avant d\u2019arriver et je le constate aussi.\u00a0<\/span><\/p>\n<p><strong>Lors de l\u2019ex\u00e9cution des hymnes nationaux, on vous a vu chanter \u00ab\u00a0\u00d4 Cameroun, berceau de nos anc\u00eatres\u00a0\u00bb avec beaucoup d\u2019\u00e9nergie. O\u00f9 l\u2019avez-vous apprise \u00e9tant donn\u00e9 que vous \u00eates n\u00e9 et avez grandi en France ?\u00a0<\/strong><\/p>\n<p><span class=\"c7\">C\u2019est vrai que je suis n\u00e9 en France mais les parents ont toujours tout fait pour rester tr\u00e8s proches de nos origines camerounaises. Moi j\u2019adore le Cameroun, et l\u2019Afrique plus globalement. J\u2019ai toujours eu cette envie de jouer pour le Cameroun malgr\u00e9 le fait que je jouais pour la France \u00e9tant jeune. J\u2019ai toujours dit que si un jour le Cameroun \u00e9tait venu, je l\u2019aurais choisi au d\u00e9pend de la France parce que pour moi je suis plus Camerounais que Fran\u00e7ais de par mes origines. J\u2019ai commenc\u00e9 \u00e0 apprendre l\u2019hymne en \u00e9tant tout petit, au m\u00eame moment o\u00f9 j\u2019apprenais l\u2019hymne national de la France.<\/span><\/p>\n<p><strong>Vous avez commenc\u00e9 votre carri\u00e8re internationale dans les cat\u00e9gories jeunes en France. Qu\u2019est-ce qui a influenc\u00e9 votre choix pour le Cameroun ?\u00a0<\/strong><\/p>\n<p><span class=\"c7\">J\u2019ai choisi le Cameroun parce que je suis Camerounais m\u00eame si j\u2019ai toujours v\u00e9cu en France. Je pense que mes origines, mes anc\u00eatres sont camerounais\u00a0 donc j\u2019ai toujours eu cette fibre un peu plus camerounaise que fran\u00e7aise\u00a0 m\u00eame si je suis aussi fier d\u2019\u00eatre fran\u00e7ais.\u00a0 Je me suis toujours senti un peu plus camerounais. C\u2019est pour cela que quand le Cameroun est venu je n\u2019ai m\u00eame pas h\u00e9sit\u00e9 une seconde. Pour moi la question \u00e9tait toute r\u00e9pondue. Comme j\u2019ai pu te dire un peu plus haut clairement, si le Cameroun \u00e9tait venu me voir plus t\u00f4t pour jouer avec les cat\u00e9gories de jeunes je serais\u00a0 venu jouer pour le Cameroun sans h\u00e9siter.<\/span><\/p>\n<p><img loading=\"lazy\" decoding=\"async\" class=\"alignnone wp-image-376656 size-full\" src=\"https:\/\/www.journalducameroun.com\/wp-content\/uploads\/2020\/10\/Harold-Moukoudi-Saint-Etienne.jpg\" alt=\"\" width=\"700\" height=\"684\" srcset=\"https:\/\/www.journalducameroun.com\/wp-content\/uploads\/2020\/10\/Harold-Moukoudi-Saint-Etienne.jpg 700w, https:\/\/www.journalducameroun.com\/wp-content\/uploads\/2020\/10\/Harold-Moukoudi-Saint-Etienne-300x293.jpg 300w, https:\/\/www.journalducameroun.com\/wp-content\/uploads\/2020\/10\/Harold-Moukoudi-Saint-Etienne-450x440.jpg 450w, https:\/\/www.journalducameroun.com\/wp-content\/uploads\/2020\/10\/Harold-Moukoudi-Saint-Etienne-60x60.jpg 60w, https:\/\/www.journalducameroun.com\/wp-content\/uploads\/2020\/10\/Harold-Moukoudi-Saint-Etienne-600x586.jpg 600w\" sizes=\"auto, (max-width: 700px) 100vw, 700px\"\/><\/p>\n<p><strong>Avant votre premi\u00e8re convocation en \u00e9quipe nationale du Cameroun, \u00e0 la faveur du match amical face \u00e0 la Tunisie en octobre 2019, quels \u00e9taient vos rapports avec le Cameroun?\u00a0<\/strong><\/p>\n<p><span class=\"c7\">C\u2019\u00e9tait surtout les liens avec ma famille, mes cousins et cousines, dont je suis tr\u00e8s proche et avec qui je communique r\u00e9guli\u00e8rement. J\u2019ai \u00e9galement pass\u00e9 plusieurs fois mes vacances au pays.<\/span><\/p>\n<p><span class=\"c7\">En France, nos parents nous ont inculqu\u00e9 la culture camerounaise, c\u2019est-\u00e0-dire que nous avons grandi avec ce patriotisme camerounais, quelque chose d\u2019authentique. Quand j\u2019\u00e9tais jeune, je pr\u00e9f\u00e9rais \u00e9couter Samy Diko ou Ben Decca, Sergeo Polo, Longue Longue plut\u00f4t que d\u2019\u00e9couter du rap fran\u00e7ais comme tous mes amis de l\u2019\u00e9poque. Personnellement, je pr\u00e9f\u00e9rais mettre ma musique Makossa et danser tranquillement \u00e0 la maison.<\/span><\/p>\n<p><strong>Maintenant que vous \u00eates international camerounais, avez-vous des objectifs pr\u00e9cis \u00e0 atteindre?<\/strong><\/p>\n<p><span class=\"c7\">Comme tous les joueurs de la s\u00e9lection nationale, l\u2019objectif est de gagner des titres. Il y a la CAN qui arrive \u00e0 grands pas. Je pense qu\u2019on a tous un objectif commun, le m\u00eame r\u00eave, de soulever le titre \u00e0 la maison. On ne va pas se mentir, apr\u00e8s il y a forc\u00e9ment la Coupe du monde. Nous voulons aller le plus loin possible lors des phases finales de Coupe du monde, parce qu\u2019on a l\u2019effectif et le groupe pour le faire.<\/span><\/p>\n<p><span class=\"c7\">Clairement, l\u2019objectif c\u2019est de gagner des titres, et personnellement pouvoir m\u2019installer durablement, jouer le maximum de match avec mon pays. Je vais me r\u00e9p\u00e9ter : porter l\u2019image du Cameroun c\u2019est une vraie fiert\u00e9!<\/span><\/p>\n<p><strong>Dans une s\u00e9lection du Cameroun qui ne manque pas de talents aux diff\u00e9rents postes, comment vivez-vous la concurrence en charni\u00e8re centrale ?\u00a0<\/strong><\/p>\n<p><span class=\"c7\">La concurrence \u00e0 ce poste est au top, \u00e7a permet vraiment de progresser. Il y\u2019a des joueurs qui sont plus exp\u00e9riment\u00e9s, \u00e7a nous permet aussi d\u2019apprendre d\u2019eux. Que quel que soit le joueur sur le terrain, le fait de savoir qu\u2019il y a la concurrence permet de donner le meilleur de soi pour l\u2019\u00e9quipe nationale. Au final, c\u2019est le Cameroun qui gagne.<\/span><\/p>\n<p><strong>En janvier 2020, vous avez \u00e9t\u00e9 pr\u00eat\u00e9 \u00e0 Middlesbrough. Alors que ce club anglais s\u2019appr\u00eatait \u00e0 lever l\u2019option d\u2019achat qui pesait sur votre contrat,\u00a0 vous \u00eates revenu \u00e0 Saint-Etienne, \u00e0 la veille de la finale de Coupe de France.\u00a0 Qu\u2019est-ce qui s\u2019est pass\u00e9 ?\u00a0<\/strong><\/p>\n<p><span class=\"c7\">C\u2019est vrai que \u00e7a se passait plut\u00f4t tr\u00e8s bien en Angleterre; mais \u00e0 quelques jours de la finale, Saint-Etienne m\u2019a rappel\u00e9 pour venir jouer. A partir de l\u00e0, le club m\u2019a fait comprendre qu\u2019il voulait que je reste, que je continue l\u2019aventure avec Saint-Etienne. Convaincu du projet sportif, j\u2019ai dit que j\u2019\u00e9tais partant et que j\u2019\u00e9tais pr\u00eat \u00e0 faire une grande saison.\u00a0<\/span><\/p>\n<p><strong>Quel est votre bilan personnel, apr\u00e8s les six premi\u00e8res journ\u00e9es de Ligue 1 cette saison?\u00a0<\/strong><\/p>\n<p><span class=\"c7\">J\u2019ai jou\u00e9 trois matchs de Ligue 1. Sur le plan personnel, je pense que \u00e7a s\u2019est plut\u00f4t bien pass\u00e9, en tout cas sur les derniers matchs je monte r\u00e9ellement en puissance. Je me sens tr\u00e8s bien, \u00e7a s\u2019est vu aussi par la suite avec le match contre le Japon. Je d\u00e9marre bien ma saison.<\/span><\/p>\n<p><strong>Claude Puel, votre entra\u00eeneur en club, semble r\u00e9serv\u00e9 par rapport \u00e0 vos performances\u2026<\/strong><\/p>\n<p><span class=\"c7\">Il n\u2019y a pas sp\u00e9cialement de soucis avec le coach. La preuve: j\u2019ai jou\u00e9 les trois derniers matchs. Si je n\u2019ai pas jou\u00e9 les trois premiers matchs de saison, c\u2019est d\u00fb au fait que j\u2019avais une fracture \u00e0 la c\u00f4te. En d\u00e9but de saison, mon club a bien d\u00e9marr\u00e9 et lorsque \u00e7a marche bien, c\u2019est difficile de changer. C\u2019est comme \u00e7a le football.<\/span><\/p>\n<hr\/>\n<ul>\n<li>Propos recueillis au t\u00e9l\u00e9phone par Emile Zola Nd\u00e9 Tchoussi<\/li>\n<\/ul>\n<p>Auteur: JournalduCameroun.com<br \/>\n<a href=\"https:\/\/www.journalducameroun.com\/harold-moukoudi-je-veux-gagner-titres-avec-cameroun\/\">Cliquez ici pour lire l&rsquo;article depuis sa source.<\/a><\/p>\n","protected":false},"excerpt":{"rendered":"<p>Le d\u00e9fenseur central de Saint- Etienne, \u00e9lu \u00ab Homme du match \u00bb lors de la rencontre amicale Japon-Cameroun du 9 octobre dernier, explique pourquoi il veut s\u2019installer durablement \u00e0 la charni\u00e8re centrale des Lions indomptables JournalduCameroun.com a obtenu une interview exclusive avec Harold Moukoudi, le d\u00e9fenseur central de Saint- Etienne (Ligue 1). Dans cet entretien, [&hellip;]<\/p>\n","protected":false},"author":1965,"featured_media":101766,"comment_status":"closed","ping_status":"closed","sticky":false,"template":"","format":"standard","meta":{"fifu_image_url":"","fifu_image_alt":"","footnotes":""},"categories":[73,82],"tags":[],"class_list":["post-101765","post","type-post","status-publish","format-standard","has-post-thumbnail","hentry","category-actualite","category-cameroun"],"_links":{"self":[{"href":"https:\/\/linitiative.ca\/International\/wp-json\/wp\/v2\/posts\/101765","targetHints":{"allow":["GET"]}}],"collection":[{"href":"https:\/\/linitiative.ca\/International\/wp-json\/wp\/v2\/posts"}],"about":[{"href":"https:\/\/linitiative.ca\/International\/wp-json\/wp\/v2\/types\/post"}],"author":[{"embeddable":true,"href":"https:\/\/linitiative.ca\/International\/wp-json\/wp\/v2\/users\/1965"}],"replies":[{"embeddable":true,"href":"https:\/\/linitiative.ca\/International\/wp-json\/wp\/v2\/comments?post=101765"}],"version-history":[{"count":0,"href":"https:\/\/linitiative.ca\/International\/wp-json\/wp\/v2\/posts\/101765\/revisions"}],"wp:featuredmedia":[{"embeddable":true,"href":"https:\/\/linitiative.ca\/International\/wp-json\/"}],"wp:attachment":[{"href":"https:\/\/linitiative.ca\/International\/wp-json\/wp\/v2\/media?parent=101765"}],"wp:term":[{"taxonomy":"category","embeddable":true,"href":"https:\/\/linitiative.ca\/International\/wp-json\/wp\/v2\/categories?post=101765"},{"taxonomy":"post_tag","embeddable":true,"href":"https:\/\/linitiative.ca\/International\/wp-json\/wp\/v2\/tags?post=101765"}],"curies":[{"name":"wp","href":"https:\/\/api.w.org\/{rel}","templated":true}]}}