{"id":101767,"date":"2020-10-14T14:18:04","date_gmt":"2020-10-14T18:18:04","guid":{"rendered":"https:\/\/linitiative.ca\/International\/signature-de-convention-entre-loipr-et-waca-pour-la-conservation-des-parcs-dazagny-et-des-iles-ehotile-en-cote-divoire\/"},"modified":"2020-10-14T14:18:04","modified_gmt":"2020-10-14T18:18:04","slug":"signature-de-convention-entre-loipr-et-waca-pour-la-conservation-des-parcs-dazagny-et-des-iles-ehotile-en-cote-divoire","status":"publish","type":"post","link":"https:\/\/linitiative.ca\/International\/signature-de-convention-entre-loipr-et-waca-pour-la-conservation-des-parcs-dazagny-et-des-iles-ehotile-en-cote-divoire\/","title":{"rendered":"Signature de convention entre l\u2019OIPR et WACA pour la conservation des parcs d\u2019Azagny et des \u00celes Ehotil\u00e9 en C\u00f4te d\u2019Ivoire"},"content":{"rendered":"<div readability=\"32\">\n<p>Publi\u00e9 le 14.10.2020 \u00e0 19h18 par APA News<\/p>\n<\/div>\n<div readability=\"94\">\n<p>Le Projet WACA, Programme de gestion du littoral ouest-africain, a sign\u00e9 mercredi \u00e0 Abidjan une convention avec l\u2019Office ivoirien des parcs et r\u00e9serves (OIPR) pour la conservation et la restauration des \u00e9cosyst\u00e8mes des parcs d\u2019Azagny et des \u00celes Ehotil\u00e9.Pour le compte du Programme de gestion du littoral ouest-africain (WACA), la convention a \u00e9t\u00e9 sign\u00e9e par M. Delfin Ab\u00e9 Ochou, coordonnateur du projet. La partie de l\u2019OIPR a \u00e9t\u00e9 paraph\u00e9e par le colonel-major Tondossama Adama, le directeur g\u00e9n\u00e9ral de cet organe.<\/p>\n<p>Le directeur de Cabinet, repr\u00e9sentant le ministre ivoirien de l\u2019Environnement et du d\u00e9veloppement durable, Fran\u00e7ois Kouablan, a soulign\u00e9 que le plan d\u2019actions de cette convention s\u2019\u00e9tend sur une p\u00e9riode de quatre ans, allant de 2020 \u00e0 2023.<\/p>\n<p>Il s\u2019agit pour le Projet WACA, dans le cadre de cette convention, de mettre \u00e0 la disposition de l\u2019OIPR un financement de 200 millions de Fcfa pour mener des activit\u00e9s \u00e9tablies de fa\u00e7on \u00ab\u00a0consensuelle\u00a0\u00bb, a soulign\u00e9 M. Kouablan.<\/p>\n<p>\u00ab\u00a0Je puis vous rassurer que l\u2019OIPR mettra tout en oeuvre pour mener \u00e0 bien toutes les activit\u00e9s inscrites dans le plan d\u2019actions en apportant une attention particuli\u00e8re \u00e0 l\u2019appui aux populations riveraines de ces aires prot\u00e9g\u00e9es\u00a0\u00bb, a dit le colonel-major Tondossama Adama.<\/p>\n<p>L\u2019OIPR, ajoutera-t-il, \u00a0envisage une pleine implication des populations riveraines dans le projet en vue de les amener \u00e0 prendre des initiatives pour la protection de ces \u00ab\u00a0\u00e9cosyst\u00e8mes fragiles de mangroves\u00a0\u00bb.<\/p>\n<p>Cette derni\u00e8re d\u00e9cennie a \u00e9t\u00e9 marqu\u00e9e par une flamb\u00e9e de catastrophes d\u2019origine naturelle et anthropique avec pour cons\u00e9quences la destruction de la diversit\u00e9 biologique et surtout des pertes importantes en terre \u00e9valu\u00e9e entre 10 et 20 m\u00e8tres par an.<\/p>\n<p>Ces ph\u00e9nom\u00e8nes sont notamment \u00e0 la base de l\u2019\u00e9rosion c\u00f4ti\u00e8re qui met en mal la r\u00e9silience des habitants vivant sur le littoral, a fait observer le directeur g\u00e9n\u00e9ral de OIPR.<\/p>\n<p>Ce programme d\u00e9nomm\u00e9 WACA int\u00e8gre dans son champ d\u2019intervention deux aires prot\u00e9g\u00e9es \u00e0 savoir les parcs nationaux d\u2019Azagny et les \u00celes Ehotil\u00e9. Il vise en outre \u00e0 permettre la pr\u00e9servation du cordon littoral ivoirien.<\/p>\n<p>M. Ochou, coordonnateur du Projet WACA, a relev\u00e9 que le programme a pour objectif de d\u00e9velopper et de renforcer la r\u00e9silience des communaut\u00e9s et des zones cibl\u00e9es de la c\u00f4te ouest-africaine.<\/p>\n<p>Financ\u00e9 par la Banque mondiale pour un montant d\u2019environ 16 milliards Fcfa au b\u00e9n\u00e9fice de l\u2019Etat de C\u00f4te d\u2019Ivoire, le projet WACA s\u2019\u00e9tend sur une dur\u00e9e de cinq ans, de 2018 \u00e0 2023.<\/p>\n<p>Il pr\u00e9voit \u00e9galement la r\u00e9habilitation et le reboisement des champs de mangroves dans le complexe lagunaire de Grand-Lahou (Sud ivoirien), ainsi que dans les parcs d\u2019Azagny et des \u00celes Ehotil\u00e9, plac\u00e9s sous la gestion exclusive de l\u2019OIPR.<\/p>\n<\/div>\n<p>Auteur: APA News<br \/>\n<a href=\"https:\/\/www.journalducameroun.com\/signature-de-convention-entre-loipr-et-waca-pour-la-conservation-des-parcs-dazagny-et-des-iles-ehotile-en-cote-divoire\/\">Cliquez ici pour lire l&rsquo;article depuis sa source.<\/a><\/p>\n","protected":false},"excerpt":{"rendered":"<p>Publi\u00e9 le 14.10.2020 \u00e0 19h18 par APA News Le Projet WACA, Programme de gestion du littoral ouest-africain, a sign\u00e9 mercredi \u00e0 Abidjan une convention avec l\u2019Office ivoirien des parcs et r\u00e9serves (OIPR) pour la conservation et la restauration des \u00e9cosyst\u00e8mes des parcs d\u2019Azagny et des \u00celes Ehotil\u00e9.Pour le compte du Programme de gestion du littoral [&hellip;]<\/p>\n","protected":false},"author":1965,"featured_media":0,"comment_status":"closed","ping_status":"closed","sticky":false,"template":"","format":"standard","meta":{"fifu_image_url":"","fifu_image_alt":"","footnotes":""},"categories":[73,82],"tags":[],"class_list":["post-101767","post","type-post","status-publish","format-standard","hentry","category-actualite","category-cameroun"],"_links":{"self":[{"href":"https:\/\/linitiative.ca\/International\/wp-json\/wp\/v2\/posts\/101767","targetHints":{"allow":["GET"]}}],"collection":[{"href":"https:\/\/linitiative.ca\/International\/wp-json\/wp\/v2\/posts"}],"about":[{"href":"https:\/\/linitiative.ca\/International\/wp-json\/wp\/v2\/types\/post"}],"author":[{"embeddable":true,"href":"https:\/\/linitiative.ca\/International\/wp-json\/wp\/v2\/users\/1965"}],"replies":[{"embeddable":true,"href":"https:\/\/linitiative.ca\/International\/wp-json\/wp\/v2\/comments?post=101767"}],"version-history":[{"count":0,"href":"https:\/\/linitiative.ca\/International\/wp-json\/wp\/v2\/posts\/101767\/revisions"}],"wp:attachment":[{"href":"https:\/\/linitiative.ca\/International\/wp-json\/wp\/v2\/media?parent=101767"}],"wp:term":[{"taxonomy":"category","embeddable":true,"href":"https:\/\/linitiative.ca\/International\/wp-json\/wp\/v2\/categories?post=101767"},{"taxonomy":"post_tag","embeddable":true,"href":"https:\/\/linitiative.ca\/International\/wp-json\/wp\/v2\/tags?post=101767"}],"curies":[{"name":"wp","href":"https:\/\/api.w.org\/{rel}","templated":true}]}}