{"id":101768,"date":"2020-10-14T14:18:06","date_gmt":"2020-10-14T18:18:06","guid":{"rendered":"https:\/\/linitiative.ca\/International\/le-maroc-occupe-le-30eme-rang-dans-le-monde-en-termes-de-contamination-a-la-covid-19-ministere\/"},"modified":"2020-10-14T14:18:06","modified_gmt":"2020-10-14T18:18:06","slug":"le-maroc-occupe-le-30eme-rang-dans-le-monde-en-termes-de-contamination-a-la-covid-19-ministere","status":"publish","type":"post","link":"https:\/\/linitiative.ca\/International\/le-maroc-occupe-le-30eme-rang-dans-le-monde-en-termes-de-contamination-a-la-covid-19-ministere\/","title":{"rendered":"Le Maroc occupe le 30\u00e8me\u00a0rang dans le monde en termes de contamination \u00e0 la COVID-19 (minist\u00e8re)"},"content":{"rendered":"<div readability=\"32\">\n<p>Publi\u00e9 le 14.10.2020 \u00e0 19h18 par APA News<\/p>\n<\/div>\n<div readability=\"62\">\n<p>Le Maroc occupe le 30\u00e8me\u00a0rang dans le monde et le 2\u00e8me\u00a0au niveau au niveau africain en termes de contamination \u00e0 la Covid-19 avec un total de\u00a0156.946 cas confirm\u00e9s, a indiqu\u00e9 le minist\u00e8re de la Sant\u00e9 dans son bilan bimensuel.En termes de d\u00e9c\u00e8s (2.685), le Royaume est class\u00e9 36\u00e8me\u00a0dans le monde et 3\u00e8me en Afrique, alors qu\u2019au niveau des tests effectu\u00e9s (plus de 2,7 millions teste), il se trouve au 31\u00e8me\u00a0rang mondial et 2\u00e8me au niveau continental, pr\u00e9cise le minist\u00e8re.<\/p>\n<p>Concernant le taux d\u2019incidence cumul\u00e9e, il est de 432,2 pour 100.000 habitants, alors que le taux de l\u00e9talit\u00e9 est de 1,7% et de gu\u00e9rison de 83,8%, selon la m\u00eame source.<\/p>\n<p>Pour ce qui est du nombre de contamination, il a \u00e9t\u00e9 du 1er\u00a0au 14 septembre dernier de 25.613 cas, du 15 au 28 septembre (30.914) et du 29 septembre au 13 octobre courant, il a atteint 37.839 cas confirm\u00e9s.<\/p>\n<p>Le minist\u00e8re a soulign\u00e9 que le Maroc a prorog\u00e9 l\u2019\u00e9tat d\u2019urgence sanitaire d\u2019un mois suppl\u00e9mentaire, soit jusqu\u2019au 10 novembre prochain pour faire face \u00e0 la pand\u00e9mie apr\u00e8s la mont\u00e9e en fl\u00e8che des cas de contamination.<\/p>\n<\/div>\n<p>Auteur: APA News<br \/>\n<a href=\"https:\/\/www.journalducameroun.com\/le-maroc-occupe-le-30eme-rang-dans-le-monde-en-termes-de-contamination-a-la-covid-19-ministere\/\">Cliquez ici pour lire l&rsquo;article depuis sa source.<\/a><\/p>\n","protected":false},"excerpt":{"rendered":"<p>Publi\u00e9 le 14.10.2020 \u00e0 19h18 par APA News Le Maroc occupe le 30\u00e8me\u00a0rang dans le monde et le 2\u00e8me\u00a0au niveau au niveau africain en termes de contamination \u00e0 la Covid-19 avec un total de\u00a0156.946 cas confirm\u00e9s, a indiqu\u00e9 le minist\u00e8re de la Sant\u00e9 dans son bilan bimensuel.En termes de d\u00e9c\u00e8s (2.685), le Royaume est class\u00e9 [&hellip;]<\/p>\n","protected":false},"author":1965,"featured_media":0,"comment_status":"closed","ping_status":"closed","sticky":false,"template":"","format":"standard","meta":{"fifu_image_url":"","fifu_image_alt":"","footnotes":""},"categories":[73,82],"tags":[],"class_list":["post-101768","post","type-post","status-publish","format-standard","hentry","category-actualite","category-cameroun"],"_links":{"self":[{"href":"https:\/\/linitiative.ca\/International\/wp-json\/wp\/v2\/posts\/101768","targetHints":{"allow":["GET"]}}],"collection":[{"href":"https:\/\/linitiative.ca\/International\/wp-json\/wp\/v2\/posts"}],"about":[{"href":"https:\/\/linitiative.ca\/International\/wp-json\/wp\/v2\/types\/post"}],"author":[{"embeddable":true,"href":"https:\/\/linitiative.ca\/International\/wp-json\/wp\/v2\/users\/1965"}],"replies":[{"embeddable":true,"href":"https:\/\/linitiative.ca\/International\/wp-json\/wp\/v2\/comments?post=101768"}],"version-history":[{"count":0,"href":"https:\/\/linitiative.ca\/International\/wp-json\/wp\/v2\/posts\/101768\/revisions"}],"wp:attachment":[{"href":"https:\/\/linitiative.ca\/International\/wp-json\/wp\/v2\/media?parent=101768"}],"wp:term":[{"taxonomy":"category","embeddable":true,"href":"https:\/\/linitiative.ca\/International\/wp-json\/wp\/v2\/categories?post=101768"},{"taxonomy":"post_tag","embeddable":true,"href":"https:\/\/linitiative.ca\/International\/wp-json\/wp\/v2\/tags?post=101768"}],"curies":[{"name":"wp","href":"https:\/\/api.w.org\/{rel}","templated":true}]}}