{"id":101769,"date":"2020-10-14T16:18:03","date_gmt":"2020-10-14T20:18:03","guid":{"rendered":"https:\/\/linitiative.ca\/International\/cote-divoire-les-guides-religieux-musulmans-et-chretiens-prient-pour-une-presidentielle-apaisee\/"},"modified":"2020-10-14T16:18:03","modified_gmt":"2020-10-14T20:18:03","slug":"cote-divoire-les-guides-religieux-musulmans-et-chretiens-prient-pour-une-presidentielle-apaisee","status":"publish","type":"post","link":"https:\/\/linitiative.ca\/International\/cote-divoire-les-guides-religieux-musulmans-et-chretiens-prient-pour-une-presidentielle-apaisee\/","title":{"rendered":"C\u00f4te d\u2019Ivoire: les guides religieux musulmans et chr\u00e9tiens prient pour une pr\u00e9sidentielle apais\u00e9e"},"content":{"rendered":"<div readability=\"32\">\n<p>Publi\u00e9 le 14.10.2020 \u00e0 21h18 par APA News<\/p>\n<\/div>\n<div readability=\"113\">\n<p>Les guides religieux musulmans et chr\u00e9tiens ivoiriens, r\u00e9unis au sein de l\u2019Alliance des religions pour la paix en C\u00f4te d\u2019Ivoire, ont pri\u00e9 mercredi \u00e0 Abidjan afin que l\u2019\u00e9lection pr\u00e9sidentielle du 31 octobre 2020 soit apais\u00e9e.La s\u00e9ance de pri\u00e8re et d\u2019adresse \u00e0 la nation a eu lieu au Palais de la culture de Treichville, une commune cosmopolite dans le Sud d\u2019Abidjan, en pr\u00e9sence de centaines de fid\u00e8les musulmans et chr\u00e9tiens.<\/p>\n<p>Le check A\u00efma Mamadou Traor\u00e9, le pr\u00e9sident du Conseil sup\u00e9rieur des imams, des mosqu\u00e9es et des affaires islamiques de C\u00f4te d\u2019Ivoire (Cosim), \u00a0a implor\u00e9 la mis\u00e9ricorde de Dieu sur le pays en vue d\u2019un scrutin sans heurts.<\/p>\n<p>Il a formul\u00e9 le v\u0153u que \u00ab\u00a0l\u2019\u00e9lection pr\u00e9sidentielle qui aura lieu le 31 octobre prochain, se d\u00e9roule de fa\u00e7on transparente, cr\u00e9dible, dans la paix et sans la moindre violence\u00a0\u00bb.<\/p>\n<p>Le pr\u00e9sident du Cosim a demand\u00e9 que \u00ab\u00a0les r\u00e9sultats (de l\u2019\u00e9lection) soient accept\u00e9s de tous, et cela, afin d\u2019\u00e9viter \u00e0 notre pays une crise post\u00e9lectorale comme celle qu\u2019il a connu en 2010\u00a0\u00bb.<\/p>\n<p>L\u2019Imam Mamadou Traor\u00e9 a en outre souhait\u00e9 que Dieu \u00ab\u00a0am\u00e8ne les acteurs politiques ivoiriens \u00e0 renouer le fil du dialogue, de la r\u00e9conciliation vraie et de la collaboration constructive entre eux afin de pr\u00e9server la paix, la concorde et la coh\u00e9sion sociale\u00a0\u00bb.<\/p>\n<p>Le leader religieux musulman a \u00e9galement pri\u00e9 pour que \u00ab\u00a0la C\u00f4te d\u2019Ivoire soit sous une divine protection contre la pand\u00e9mie de la Covid-19 qui s\u00e8me actuellement \u00e0 travers le monde la mort, la d\u00e9solation et la pauvret\u00e9\u00a0\u00bb.\u00a0<\/p>\n<p>Le r\u00e9v\u00e9rend No\u00ebl Nguessan, le pr\u00e9sident national des \u00e9glises CMA de C\u00f4te d\u2019Ivoire, porte-parole de l\u2019Alliance des religions pour la paix, \u00e0 cette occasion, a invit\u00e9 \u00ab\u00a0les acteurs politiques \u00e0 proscrire les propos discriminatoires du d\u00e9bat politique\u00a0\u00bb.<\/p>\n<p>Les guides religieux \u00ab\u00a0encouragent les acteurs politiques \u00e0 reprendre les concertations entre eux en vue d\u2019un dialogue inter-ivoirien\u00a0\u00bb, a dit le r\u00e9v\u00e9rend No\u00ebl Nguessan, au nom de l\u2019Alliance des religions pour la paix en C\u00f4te d\u2019Ivoire.\u00a0<\/p>\n<p>Les leaders religieux ont, \u00ab\u00a0dans le sens de la d\u00e9crispation\u00a0\u00bb, demand\u00e9 au gouvernement d&rsquo;\u00a0\u00bb\u00e9largir les prisonniers suite aux r\u00e9centes manifestations\u00a0\u00bb li\u00e9es \u00e0 l\u2019\u00e9lection pr\u00e9sidentielle du 31 octobre 2020.<\/p>\n<p>Ils ont exhort\u00e9 les partis politiques \u00e0 \u00ab\u00a0proscrire la r\u00e9f\u00e9rence aux religions dans leurs discours\u00a0\u00bb, tout en les invitant \u00e0 \u00ab\u00a0bannir toute sorte de violences dans la conqu\u00eate du pouvoir\u00a0\u00bb.<\/p>\n<p>L\u2019Alliance des religions pour la paix a par ailleurs encourag\u00e9 le gouvernement \u00e0 favoriser davantage le retour des exil\u00e9s en C\u00f4te d\u2019Ivoire, et demand\u00e9 \u00e0 l\u2019ensemble des Ivoiriens de proscrire toute forme de violence et de faire preuve de retenue en cette p\u00e9riode \u00e9lectorale.<\/p>\n<p>M. Claude Sahi, le repr\u00e9sentant du Premier ministre ivoirien, Hamed Bakayoko, a d\u00e9clar\u00e9 que les guides religieux sont \u00ab\u00a0un espoir et une esp\u00e9rance pour la C\u00f4te d\u2019Ivoire\u00a0\u00bb au regard de leur r\u00f4le, les invitant \u00e0 toujours exhorter leurs fid\u00e8les \u00e0 la paix et \u00e0 l\u2019amour du prochain. \u00a0<\/p>\n<p>La rencontre \u0153cum\u00e9nique a regroup\u00e9 principalement, le Cosim et les diff\u00e9rentes organisations musulmanes et islamiques, la Conf\u00e9rence des \u00e9v\u00eaques catholiques et la f\u00e9d\u00e9ration des \u00e9glises \u00e9vang\u00e9liques de C\u00f4te d\u2019Ivoire.<\/p>\n<\/div>\n<p>Auteur: APA News<br \/>\n<a href=\"https:\/\/www.journalducameroun.com\/cote-divoire-les-guides-religieux-musulmans-et-chretiens-prient-pour-une-presidentielle-apaisee\/\">Cliquez ici pour lire l&rsquo;article depuis sa source.<\/a><\/p>\n","protected":false},"excerpt":{"rendered":"<p>Publi\u00e9 le 14.10.2020 \u00e0 21h18 par APA News Les guides religieux musulmans et chr\u00e9tiens ivoiriens, r\u00e9unis au sein de l\u2019Alliance des religions pour la paix en C\u00f4te d\u2019Ivoire, ont pri\u00e9 mercredi \u00e0 Abidjan afin que l\u2019\u00e9lection pr\u00e9sidentielle du 31 octobre 2020 soit apais\u00e9e.La s\u00e9ance de pri\u00e8re et d\u2019adresse \u00e0 la nation a eu lieu au [&hellip;]<\/p>\n","protected":false},"author":1965,"featured_media":0,"comment_status":"closed","ping_status":"closed","sticky":false,"template":"","format":"standard","meta":{"fifu_image_url":"","fifu_image_alt":"","footnotes":""},"categories":[73,82],"tags":[],"class_list":["post-101769","post","type-post","status-publish","format-standard","hentry","category-actualite","category-cameroun"],"_links":{"self":[{"href":"https:\/\/linitiative.ca\/International\/wp-json\/wp\/v2\/posts\/101769","targetHints":{"allow":["GET"]}}],"collection":[{"href":"https:\/\/linitiative.ca\/International\/wp-json\/wp\/v2\/posts"}],"about":[{"href":"https:\/\/linitiative.ca\/International\/wp-json\/wp\/v2\/types\/post"}],"author":[{"embeddable":true,"href":"https:\/\/linitiative.ca\/International\/wp-json\/wp\/v2\/users\/1965"}],"replies":[{"embeddable":true,"href":"https:\/\/linitiative.ca\/International\/wp-json\/wp\/v2\/comments?post=101769"}],"version-history":[{"count":0,"href":"https:\/\/linitiative.ca\/International\/wp-json\/wp\/v2\/posts\/101769\/revisions"}],"wp:attachment":[{"href":"https:\/\/linitiative.ca\/International\/wp-json\/wp\/v2\/media?parent=101769"}],"wp:term":[{"taxonomy":"category","embeddable":true,"href":"https:\/\/linitiative.ca\/International\/wp-json\/wp\/v2\/categories?post=101769"},{"taxonomy":"post_tag","embeddable":true,"href":"https:\/\/linitiative.ca\/International\/wp-json\/wp\/v2\/tags?post=101769"}],"curies":[{"name":"wp","href":"https:\/\/api.w.org\/{rel}","templated":true}]}}