{"id":101776,"date":"2020-10-15T10:00:34","date_gmt":"2020-10-15T14:00:34","guid":{"rendered":"https:\/\/linitiative.ca\/International\/mohamed-said-chair-presente-my-dear-friend-a-marrakech\/"},"modified":"2020-10-15T10:00:34","modified_gmt":"2020-10-15T14:00:34","slug":"mohamed-said-chair-presente-my-dear-friend-a-marrakech","status":"publish","type":"post","link":"https:\/\/linitiative.ca\/International\/mohamed-said-chair-presente-my-dear-friend-a-marrakech\/","title":{"rendered":"Mohamed Said Chair pr\u00e9sente  \u00abMy Dear Friend\u00bb \u00e0 Marrakech"},"content":{"rendered":"<p><img decoding=\"async\" class=\"post_layout_5_img\" src=\"http:\/\/aujourdhui.ma\/wp-content\/uploads\/2020\/10\/Mohamed-Said-Chair.jpg\" alt=\"Mohamed Said Chair pr&#xE9;sente &#xAB;My Dear Friend&#xBB; &#xE0; Marrakech\"\/><\/p>\n<p><span class=\"c5\"><strong>Il met en sc\u00e8ne des portraits hyperr\u00e9alistes en hommage \u00e0 Skunkdog<\/strong><\/span><span id=\"more-357950\"\/><\/p>\n<p>L\u2019artiste tang\u00e9rois Mohamed Said Chair pr\u00e9sente une s\u00e9rie d\u2019\u0153uvres sous le th\u00e8me \u00abMy Dear Friend\u00bb, au Jardin Rouge \u00e0 la ville ocre. Un projet artistique qui s\u2019inscrit dans le cadre de r\u00e9sidence d\u2019artistes de la Fondation Montresso. Il faut dire que cette exposition, tenue jusqu\u2019au 23 novembre, c\u00e9l\u00e8bre la rencontre entre deux hommes, deux artistes, deux g\u00e9n\u00e9rations, entre Mohamed Said Chair et Skunkdog. Invit\u00e9s r\u00e9guliers de la fondation, le jeune tang\u00e9rois et le punk marseillais se rencontrent au Jardin Rouge en septembre 2018. Tous deux sont alors s\u00e9lectionn\u00e9s pour participer au programme XXL, rendez-vous annuel embl\u00e9matique de la fondation. Skunkdog devient rapidement le premier mod\u00e8le de Mohamed qui, \u00e0 travers une acuit\u00e9 particuli\u00e8re qui ne veut cacher aucun d\u00e9tail, d\u00e9cide de d\u00e9dier en hommage \u00e0 son mentor une s\u00e9rie de portraits hyperr\u00e9alistes.<\/p>\n<p>D\u00e9clinaison des tissus, clairs-obscurs, pr\u00e9cision anatomique\u2026 ce dernier va utiliser toutes les techniques acad\u00e9miques classiques afin de sonder la nature humaine \u00e0 travers son enveloppe charnelle. H\u00e9ros de son temps, le cher ami de Mohamed Said Chair se retrouve alors enferm\u00e9 dans un corps vieillissant. En r\u00e9v\u00e9lant ainsi l\u2019intimit\u00e9 crue de son mod\u00e8le, l\u2019artiste impose un rapport sans fronti\u00e8res.<\/p>\n<p>\u00c0 travers l\u2019admirable relation manifeste qui anime les deux protagonistes, c\u2019est toute la question de la transmission dans l\u2019art qui est ici relat\u00e9e. Artiste autodidacte, ce n\u2019est qu\u2019apr\u00e8s quelques ann\u00e9es pass\u00e9es dans le monde de la finance que le jeune artiste va troquer son costume pour se consacrer \u00e0 plein temps \u00e0 l\u2019exercice de sa passion. Puisant son inspiration dans l\u2019art figuratif de l\u2019un de ses ma\u00eetres \u00e0 penser, Lucian Freud, Mohamed Said Chair peint \u00e0 l\u2019huile des portraits r\u00e9v\u00e9lant l\u2019intimit\u00e9 crue de ses mod\u00e8les.<\/p>\n<p>Ainsi, \u00e0 travers une acuit\u00e9 particuli\u00e8re qui ne veut cacher aucun d\u00e9tail, l\u2019artiste s\u2019applique dans une obsessionnelle qu\u00eate \u00e0 sonder la nature humaine \u00e0 travers son enveloppe charnelle. D\u00e9clinaison des drap\u00e9s, pr\u00e9cision anatomique, verdaccio, l\u2019artiste va alors utiliser les techniques acad\u00e9miques classiques afin d\u2019interroger sur la culture de masse et l\u2019ali\u00e9nation moderne.<\/p>\n<div class=\"base-box mom_box_sc_custom mom_box_sc clear c8\" readability=\"16\">\n<p><span class=\"c7\"><strong><span class=\"c6\">A propos de la r\u00e9sidence d\u2019artistes Jardin Rouge<\/span><\/strong><\/span><\/p>\n<p>Cr\u00e9\u00e9e par la Fondation Montresso, la r\u00e9sidence d\u2019artistes Jardin Rouge soutient et accompagne depuis bient\u00f4t dix ans les recherches d\u2019artistes internationaux. Huit ateliers permettent d\u2019accueillir pr\u00e8s de trente artistes par saison culturelle, dans un cadre pr\u00e9serv\u00e9, propice \u00e0 l\u2019exp\u00e9rimentation et au dialogue. Ancr\u00e9 sur la th\u00e9matique des territoires, Jardin Rouge est un laboratoire de cr\u00e9ation au sein duquel les artistes b\u00e9n\u00e9ficient de temps de recherche mais \u00e9galement d\u2019une aide \u00e0 la diffusion. La r\u00e9sidence d\u2019artistes Jardin Rouge est un lieu de rencontre entre l\u2019art et ses amateurs. Des pr\u00e9sentations de \u00abprojet de r\u00e9sidence\u00bb ont r\u00e9guli\u00e8rement lieu au sein de la \u00abSalle des Casques\u00bb.<\/p>\n<\/div>\n<p>Auteur: Siham Jadraoui<br \/>\n<a href=\"https:\/\/aujourdhui.ma\/culture\/mohamed-said-chair-presente-my-dear-friend-a-marrakech\">Cliquez ici pour lire l&rsquo;article depuis sa source.<\/a><\/p>\n","protected":false},"excerpt":{"rendered":"<p>Il met en sc\u00e8ne des portraits hyperr\u00e9alistes en hommage \u00e0 Skunkdog L\u2019artiste tang\u00e9rois Mohamed Said Chair pr\u00e9sente une s\u00e9rie d\u2019\u0153uvres sous le th\u00e8me \u00abMy Dear Friend\u00bb, au Jardin Rouge \u00e0 la ville ocre. Un projet artistique qui s\u2019inscrit dans le cadre de r\u00e9sidence d\u2019artistes de la Fondation Montresso. Il faut dire que cette exposition, tenue [&hellip;]<\/p>\n","protected":false},"author":1759,"featured_media":101777,"comment_status":"closed","ping_status":"closed","sticky":false,"template":"","format":"standard","meta":{"fifu_image_url":"","fifu_image_alt":"","footnotes":""},"categories":[73,54],"tags":[],"class_list":["post-101776","post","type-post","status-publish","format-standard","has-post-thumbnail","hentry","category-actualite","category-maroc"],"_links":{"self":[{"href":"https:\/\/linitiative.ca\/International\/wp-json\/wp\/v2\/posts\/101776","targetHints":{"allow":["GET"]}}],"collection":[{"href":"https:\/\/linitiative.ca\/International\/wp-json\/wp\/v2\/posts"}],"about":[{"href":"https:\/\/linitiative.ca\/International\/wp-json\/wp\/v2\/types\/post"}],"author":[{"embeddable":true,"href":"https:\/\/linitiative.ca\/International\/wp-json\/wp\/v2\/users\/1759"}],"replies":[{"embeddable":true,"href":"https:\/\/linitiative.ca\/International\/wp-json\/wp\/v2\/comments?post=101776"}],"version-history":[{"count":0,"href":"https:\/\/linitiative.ca\/International\/wp-json\/wp\/v2\/posts\/101776\/revisions"}],"wp:featuredmedia":[{"embeddable":true,"href":"https:\/\/linitiative.ca\/International\/wp-json\/"}],"wp:attachment":[{"href":"https:\/\/linitiative.ca\/International\/wp-json\/wp\/v2\/media?parent=101776"}],"wp:term":[{"taxonomy":"category","embeddable":true,"href":"https:\/\/linitiative.ca\/International\/wp-json\/wp\/v2\/categories?post=101776"},{"taxonomy":"post_tag","embeddable":true,"href":"https:\/\/linitiative.ca\/International\/wp-json\/wp\/v2\/tags?post=101776"}],"curies":[{"name":"wp","href":"https:\/\/api.w.org\/{rel}","templated":true}]}}