{"id":101786,"date":"2020-10-15T09:44:24","date_gmt":"2020-10-15T13:44:24","guid":{"rendered":"https:\/\/linitiative.ca\/International\/les-medecins-du-public-en-greve-nationale-debut-novembre\/"},"modified":"2020-10-15T09:44:24","modified_gmt":"2020-10-15T13:44:24","slug":"les-medecins-du-public-en-greve-nationale-debut-novembre","status":"publish","type":"post","link":"https:\/\/linitiative.ca\/International\/les-medecins-du-public-en-greve-nationale-debut-novembre\/","title":{"rendered":"Les m\u00e9decins du public en gr\u00e8ve nationale d\u00e9but novembre"},"content":{"rendered":"<p class=\"has-text-color has-vivid-red-color c2\"><a><strong>La grogne se poursuit dans les h\u00f4pitaux<\/strong><\/a><\/p>\n<p class=\"c3\"><strong>Karim Ben Amar<\/strong><\/p>\n<p class=\"has-text-color c4\"><strong>Le Syndicat ind\u00e9pendant des m\u00e9decins du secteur public annonce un mouvement de protestation. Une gr\u00e8ve nationale est pr\u00e9vue. Elle durera 48 H et s\u2019\u00e9talera du mercredi 4 au jeudi 5 novembre prochain. A cet effet, le secr\u00e9taire g\u00e9n\u00e9ral national du syndicat, Dr Al Mountadar Al Alaoui My Abdellah a confi\u00e9 \u00e0 notre journal les raisons de cette gr\u00e8ve nationale. Cahier revendicatif \u00a0en suspens depuis des ann\u00e9es, staff m\u00e9dical \u00e9puis\u00e9, absence de cong\u00e9 malgr\u00e9 le travail acharn\u00e9 depuis le d\u00e9but de la pand\u00e9mie, les attentes de ce d\u00e9brayage sont grandes. \u00a0N\u00e9anmoins, les services d\u2019urgence et de r\u00e9animation ne prendront pas part \u00e0 l\u2019interruption du travail, dans le contexte actuel de pand\u00e9mie mondiale. Les d\u00e9tails.<\/strong><\/p>\n<p>Du c\u00f4t\u00e9 des m\u00e9decins du secteur public, il y a de la protestation dans l\u2019air. Des sit-in \u00e0 travers tout le royaume \u00a0seront\u00a0 organis\u00e9s\u00a0le 4 novembre \u00e0 partir d\u00e8s 10H, annonce le syndicat ind\u00e9pendant des m\u00e9decins du secteur public, dans un communiqu\u00e9.<\/p>\n<p>Depuis les pr\u00e9mices de la pand\u00e9mie mondiale, ce corps de m\u00e9tier \u00a0est en premi\u00e8re ligne. De ce fait, les m\u00e9decins du secteur public d\u00e9noncent les conditions \u00abdifficiles de travail\u00bb au m\u00eame titre que l\u2019attitude h\u00e9sitante du gouvernement quant \u00e0 leurs revendications.<\/p>\n<p>C\u2019est pour cette raison que le SIMSP pr\u00e9pare un nouveau mouvement de gr\u00e8ve, avec une marche nationale \u00e0 Rabat. A cet effet, le Dr Al Mountadar Al Alaoui My Abdellah a d\u00e9clar\u00e9 \u00e0 Al Bayane que \u00absi notre syndicat entreprend un mouvement social, c\u2019est parce que nos revendications sont rest\u00e9es lettre morte, et cela depuis pr\u00e8s de 10 ans. Il faut bien se le dire, la patience du staff m\u00e9dical a ses limites\u00a0\u00bb, s\u2019exclame-t-il.<\/p>\n<p>En r\u00e9ponse \u00e0 une question sur\u00a0 la date choisie, \u00e0 savoir en plein \u00e9tat d\u2019urgence sanitaire, le leader syndical a affirm\u00e9 que \u00able patriotisme du staff m\u00e9dical n\u2019est pas \u00e0 remettre en question, bien au contraire. Ce n\u2019est d\u2019ailleurs pas un hasard que les services de r\u00e9animation ne soient pas en gr\u00e8ve. Et d\u2019ajouter \u00ab\u00a0il y a moins de 300 m\u00e9decins anesth\u00e9sistes-r\u00e9animateurs dans le secteur public dans tout le pays, il est naturel qu\u2019ils ne participent pas \u00e0 la gr\u00e8ve bien qu\u2019ils soient de tout c\u0153ur avec leurs confr\u00e8res.\u00a0 Nous ne jouons absolument pas avec les vies de nos concitoyens, nous r\u00e9clamons juste nos droits, et nous n\u2019y renoncerons\u00bb.<\/p>\n<p>\u00abDepuis le d\u00e9but de la crise sanitaire mondiale, nous sommes en premi\u00e8re ligne. Nous nous exposons depuis les pr\u00e9mices de cette crise \u00e0 la contamination\u00bb, a-t-il tonn\u00e9.<\/p>\n<p>Quant aux cong\u00e9s, le m\u00e9decin g\u00e9n\u00e9raliste a certifi\u00e9 que \u00ab\u00a0nous n\u2019avons pas eu de vacances alors que le staff m\u00e9dical travaille d\u2019arrache-pied depuis pr\u00e8s de sept mois maintenant\u00bb.<\/p>\n<p>\u00abLe staff m\u00e9dical du secteur public a fait de nombreux sacrifices. Nous avons fait un grand effort en acceptant un compromis salarial pendant trois mois successif. Mais cela est tout \u00e0 fait normal puisque ce sacrifice s\u2019inscrit dans l\u2019effort de guerre contre la pand\u00e9mie de la Covid-19\u00bb a-t-il martel\u00e9.<\/p>\n<p>Mais qui dit effort de guerre dit pr\u00e9servation du moral des troupes. \u00abS.M le Roi a salu\u00e9 l\u2019effort et le travail effectu\u00e9 par le corps m\u00e9dical. Cela nous a r\u00e9ellement encourag\u00e9s et m\u00eame pouss\u00e9s des ailes. Mais il est f\u00e2cheux de s\u2019apercevoir que le gouvernement ne s\u2019aligne pas avec les orientations et les encouragements du Roi\u00bb poursuit-il l\u2019air d\u00e9pit\u00e9.<\/p>\n<p>D\u2019apr\u00e8s le secr\u00e9taire g\u00e9n\u00e9ral national du SIMSP, ce mouvement de gr\u00e8ve sera national. Un rassemblement de masse dans les r\u00e9gions et les provinces\u00a0 du royaume est attendu le mercredi 4 et le jeudi 5 novembre. Il ajoute que les demandes du syndicat sont tout \u00e0 fait r\u00e9alisables.<\/p>\n<p>Le leader syndical annonce \u00e9galement la poursuite du port d\u2019uniformes noirs et de brassards 509, le boycott des campagnes chirurgicales \u00ab\u00a0al\u00e9atoires\u00a0\u00bb, ne respectant pas les normes de s\u00e9curit\u00e9, la poursuite des d\u00e9missions individuelles et collectives, ainsi que le boycott des cachets, des autopsies et de la campagne de sant\u00e9 scolaire et des services administratifs (statistiques,\u00a0rapports\u2026).<\/p>\n<p>Entre autres revendications, les m\u00e9decins du secteur public r\u00e9clament, la r\u00e9vision de\u00a0l\u2019indice salarial 509\u00a0(\u00e9quivalent d\u2019un doctorat Bac+8), l\u2019autorisation de la sp\u00e9cialisation en m\u00e9decine de famille, la r\u00e9glementation des gardes et des droits \u00e0 la d\u00e9mission et \u00e0 la mutation.<\/p>\n<p>Esp\u00e9rons que pour ce dossier \u00e9pineux, le gouvernement n\u2019aura pas une fois de plus, les deux pieds dans le m\u00eame sabot\u2026<\/p>\n<p>Auteur: M&rsquo;hammed rahal<br \/>\n<a href=\"http:\/\/albayane.press.ma\/les-medecins-du-public-en-greve-nationale-debut-novembre.html\">Cliquez ici pour lire l&rsquo;article depuis sa source.<\/a><\/p>\n","protected":false},"excerpt":{"rendered":"<p>La grogne se poursuit dans les h\u00f4pitaux Karim Ben Amar Le Syndicat ind\u00e9pendant des m\u00e9decins du secteur public annonce un mouvement de protestation. Une gr\u00e8ve nationale est pr\u00e9vue. Elle durera 48 H et s\u2019\u00e9talera du mercredi 4 au jeudi 5 novembre prochain. A cet effet, le secr\u00e9taire g\u00e9n\u00e9ral national du syndicat, Dr Al Mountadar Al [&hellip;]<\/p>\n","protected":false},"author":1760,"featured_media":0,"comment_status":"closed","ping_status":"closed","sticky":false,"template":"","format":"standard","meta":{"fifu_image_url":"","fifu_image_alt":"","footnotes":""},"categories":[73,54],"tags":[],"class_list":["post-101786","post","type-post","status-publish","format-standard","hentry","category-actualite","category-maroc"],"_links":{"self":[{"href":"https:\/\/linitiative.ca\/International\/wp-json\/wp\/v2\/posts\/101786","targetHints":{"allow":["GET"]}}],"collection":[{"href":"https:\/\/linitiative.ca\/International\/wp-json\/wp\/v2\/posts"}],"about":[{"href":"https:\/\/linitiative.ca\/International\/wp-json\/wp\/v2\/types\/post"}],"author":[{"embeddable":true,"href":"https:\/\/linitiative.ca\/International\/wp-json\/wp\/v2\/users\/1760"}],"replies":[{"embeddable":true,"href":"https:\/\/linitiative.ca\/International\/wp-json\/wp\/v2\/comments?post=101786"}],"version-history":[{"count":0,"href":"https:\/\/linitiative.ca\/International\/wp-json\/wp\/v2\/posts\/101786\/revisions"}],"wp:attachment":[{"href":"https:\/\/linitiative.ca\/International\/wp-json\/wp\/v2\/media?parent=101786"}],"wp:term":[{"taxonomy":"category","embeddable":true,"href":"https:\/\/linitiative.ca\/International\/wp-json\/wp\/v2\/categories?post=101786"},{"taxonomy":"post_tag","embeddable":true,"href":"https:\/\/linitiative.ca\/International\/wp-json\/wp\/v2\/tags?post=101786"}],"curies":[{"name":"wp","href":"https:\/\/api.w.org\/{rel}","templated":true}]}}