{"id":101787,"date":"2020-10-15T09:52:49","date_gmt":"2020-10-15T13:52:49","guid":{"rendered":"https:\/\/linitiative.ca\/International\/une-vision-integree-pour-les-entreprises-mediatiques-et-leurs-rh\/"},"modified":"2020-10-15T09:52:49","modified_gmt":"2020-10-15T13:52:49","slug":"une-vision-integree-pour-les-entreprises-mediatiques-et-leurs-rh","status":"publish","type":"post","link":"https:\/\/linitiative.ca\/International\/une-vision-integree-pour-les-entreprises-mediatiques-et-leurs-rh\/","title":{"rendered":"Une vision int\u00e9gr\u00e9e pour les entreprises m\u00e9diatiques et leurs RH"},"content":{"rendered":"<p class=\"has-text-color has-vivid-red-color c2\"><strong>La FMEJ rencontre le ministre charg\u00e9 de la Communication<\/strong><\/p>\n<p class=\"has-text-color c3\"><strong>Le ministre charg\u00e9 de la Communication, M. Othmane Firdaous, a re\u00e7u, mercredi 14 octobre 2020, une d\u00e9l\u00e9gation r\u00e9duite de la F\u00e9d\u00e9ration marocaine des \u00e9diteurs de journaux.<\/strong><\/p>\n<p>Cette audience s\u2019inscrit dans le cadre de la d\u00e9cision du comit\u00e9 ex\u00e9cutif de la FMEJ d\u2019entamer de larges contacts avec les partenaires et les intervenants et ce dans le but de r\u00e9soudre la situation de la presse nationale, dans cette conjoncture de poursuite de la pand\u00e9mie du corona et de ses impacts sur le secteur.<\/p>\n<p>La r\u00e9union a concern\u00e9 la discussion des nouveaut\u00e9s intervenues dans le secteur et la situation de la presse \u00e9crite et \u00e9lectronique, durant les trois mois qui ont suivi le confinement sanitaire et ses chiffres \u00e9pineux, et ce selon l\u2019approche globale adopt\u00e9e par la F\u00e9d\u00e9ration. Des propositions de mesures urgentes ont \u00e9t\u00e9 avanc\u00e9es et sont bas\u00e9es sur une appr\u00e9ciation objective et transparente du soutien exceptionnel dont le versement avait \u00e9t\u00e9 d\u00e9cid\u00e9 depuis trois mois.<\/p>\n<p>Aussi, le F\u00e9d\u00e9ration a d\u00e9cid\u00e9, dans le cadre du traitement de la crise structurelle de la presse marocaine, \u00a0de cr\u00e9er une commission multipartite dans le but de pr\u00e9senter une vision int\u00e9gr\u00e9e du syst\u00e8me de redressement des entreprises m\u00e9diatiques et leurs ressources humaines.<\/p>\n<p>Et ce dans la perspective d\u2019un colloque national dont la conception a \u00e9t\u00e9 pr\u00e9sent\u00e9e \u00e0 M. le ministre, et concerne les volets professionnels, moraux, \u00e9conomiques et sociaux d\u2019un secteur indispensable tant \u00e0 la d\u00e9mocratie qu\u2019au d\u00e9veloppement.<\/p>\n<p>Auteur: M&rsquo;hammed rahal<br \/>\n<a href=\"http:\/\/albayane.press.ma\/une-vision-integree-pour-les-entreprises-mediatiques-et-leurs-rh.html\">Cliquez ici pour lire l&rsquo;article depuis sa source.<\/a><\/p>\n","protected":false},"excerpt":{"rendered":"<p>La FMEJ rencontre le ministre charg\u00e9 de la Communication Le ministre charg\u00e9 de la Communication, M. Othmane Firdaous, a re\u00e7u, mercredi 14 octobre 2020, une d\u00e9l\u00e9gation r\u00e9duite de la F\u00e9d\u00e9ration marocaine des \u00e9diteurs de journaux. Cette audience s\u2019inscrit dans le cadre de la d\u00e9cision du comit\u00e9 ex\u00e9cutif de la FMEJ d\u2019entamer de larges contacts avec [&hellip;]<\/p>\n","protected":false},"author":1760,"featured_media":0,"comment_status":"closed","ping_status":"closed","sticky":false,"template":"","format":"standard","meta":{"fifu_image_url":"","fifu_image_alt":"","footnotes":""},"categories":[73,54],"tags":[],"class_list":["post-101787","post","type-post","status-publish","format-standard","hentry","category-actualite","category-maroc"],"_links":{"self":[{"href":"https:\/\/linitiative.ca\/International\/wp-json\/wp\/v2\/posts\/101787","targetHints":{"allow":["GET"]}}],"collection":[{"href":"https:\/\/linitiative.ca\/International\/wp-json\/wp\/v2\/posts"}],"about":[{"href":"https:\/\/linitiative.ca\/International\/wp-json\/wp\/v2\/types\/post"}],"author":[{"embeddable":true,"href":"https:\/\/linitiative.ca\/International\/wp-json\/wp\/v2\/users\/1760"}],"replies":[{"embeddable":true,"href":"https:\/\/linitiative.ca\/International\/wp-json\/wp\/v2\/comments?post=101787"}],"version-history":[{"count":0,"href":"https:\/\/linitiative.ca\/International\/wp-json\/wp\/v2\/posts\/101787\/revisions"}],"wp:attachment":[{"href":"https:\/\/linitiative.ca\/International\/wp-json\/wp\/v2\/media?parent=101787"}],"wp:term":[{"taxonomy":"category","embeddable":true,"href":"https:\/\/linitiative.ca\/International\/wp-json\/wp\/v2\/categories?post=101787"},{"taxonomy":"post_tag","embeddable":true,"href":"https:\/\/linitiative.ca\/International\/wp-json\/wp\/v2\/tags?post=101787"}],"curies":[{"name":"wp","href":"https:\/\/api.w.org\/{rel}","templated":true}]}}