{"id":101788,"date":"2020-10-15T09:57:20","date_gmt":"2020-10-15T13:57:20","guid":{"rendered":"https:\/\/linitiative.ca\/International\/%ef%bb%bfbenchaaboun-presente-les-priorites-du-plan-de-relance-economique-au-maroc\/"},"modified":"2020-10-15T09:57:20","modified_gmt":"2020-10-15T13:57:20","slug":"%ef%bb%bfbenchaaboun-presente-les-priorites-du-plan-de-relance-economique-au-maroc","status":"publish","type":"post","link":"https:\/\/linitiative.ca\/International\/%ef%bb%bfbenchaaboun-presente-les-priorites-du-plan-de-relance-economique-au-maroc\/","title":{"rendered":"\ufeffBencha\u00e2boun pr\u00e9sente les priorit\u00e9s du plan de relance \u00e9conomique au Maroc"},"content":{"rendered":"<p class=\"has-text-color has-vivid-red-color c2\"><strong>Assembl\u00e9es annuelles FMI-BM<\/strong><\/p>\n<p class=\"has-text-color has-vivid-cyan-blue-color\"><strong>Les priorit\u00e9s du plan de relance \u00e9conomique au Maroc et le r\u00f4le que jouera notamment le Fonds Mohammed VI pour l\u2019investissement, ont \u00e9t\u00e9 pr\u00e9sent\u00e9s par le ministre de l\u2019\u00c9conomie, des finances et de la r\u00e9forme de l\u2019administration, Mohamed Bencha\u00e2boun, lors d\u2019une conf\u00e9rence virtuelle, tenue mercredi, \u00e0 l\u2019occasion des Assembl\u00e9es annuelles du Fonds mon\u00e9taire internationale (FMI) et de la Banque mondiale.<\/strong><\/p>\n<p>L\u2019av\u00e8nement de la Covid-19 a mis en \u00e9vidence un certain nombre de fragilit\u00e9s au Maroc et a oblig\u00e9 les pouvoirs publics \u00e0 revoir les priorit\u00e9s du moment, a indiqu\u00e9 M. Bencha\u00e2boun expliquant que le gouvernement a concentr\u00e9 ses efforts sur trois axes \u00e9nonc\u00e9s r\u00e9cemment par SM le Roi Mohammed VI dans un discours \u00e0 l\u2019ouverture du parlement.<\/p>\n<p>Il s\u2019agit, a relev\u00e9 le ministre lors de cet \u00e9v\u00e8nement d\u00e9di\u00e9 \u00e0 \u00abl\u2019Exp\u00e9rience du Maroc en r\u00e9ponse \u00e0 la crise de la Covid-19\u00bb, de trois priorit\u00e9s, dont la premi\u00e8re rev\u00eat un caract\u00e8re social. M. Bencha\u00e2boun a cit\u00e9, \u00e0 ce propos, la n\u00e9cessit\u00e9 de \u00abrenforcer les filets sociaux \u00e0 une vitesse suffisamment forte pour que l\u2019ensemble des Marocains puissent disposer d\u2019une assurance maladie, d\u2019un r\u00e9gime de retraite et d\u2019une allocation familiale en fonction du nombre d\u2019enfants et de la taille de chaque famille\u00bb.<\/p>\n<p>\u00abCe programme va d\u00e9marrer au 1er janvier de l\u2019ann\u00e9e prochaine et le Maroc en a fait une priorit\u00e9 absolue\u00bb, a-t-il soulign\u00e9, notant qu\u2019il constitue \u00abun challenge extraordinaire\u00bb du fait qu\u2019il faudra int\u00e9grer 22 millions de Marocains \u00e0 l\u2019Assurance maladie obligatoire (AMO) en deux ans.<\/p>\n<p>Le deuxi\u00e8me axe, a poursuivi le ministre, \u00e0 trait \u00e0 la relance \u00e9conomique qui s\u2019impose \u00abdu fait des perturbations qui ont touch\u00e9 un certain nombre de secteurs\u00bb, notamment ceux en lien avec l\u2019environnement ext\u00e9rieur, comme le tourisme.<\/p>\n<p>\u00abNous avons essay\u00e9 de faire en sorte qu\u2019un plan de relance \u00e9conomique soit \u00e9rig\u00e9 en priorit\u00e9 et qu\u2019il soit original dans la mani\u00e8re avec laquelle il doit \u00eatre conduit\u00bb, a fait savoir M. Bencha\u00e2boun, notant qu\u2019une enveloppe globale de 11% du PIB a \u00e9t\u00e9 mobilis\u00e9e pour relancer l\u2019\u00e9conomie.<\/p>\n<p>\u00abCes 11% se r\u00e9partissent de la mani\u00e8re suivante: 7% qui seront d\u00e9di\u00e9s \u00e0 tout ce qui concerne les garanties accord\u00e9es par l\u2019Etat \u00e0 l\u2019\u00e9conomie. Et 4% du PIB qui sont consacr\u00e9s \u00e0 un fonds d\u2019investissement strat\u00e9gique, \u00e0 savoir le Fonds Mohammed VI d\u2019investissement\u00bb, a-t-il pr\u00e9cis\u00e9.<\/p>\n<p>Bencha\u00e2boun a ajout\u00e9 que le tiers du Fonds sera couvert par des dotations budg\u00e9taires, et deux tiers \u00e0 travers les bailleurs de fonds et les partenaires du Royaume.<br \/>\u00abCe fonds interviendra de fa\u00e7on rapide pour injecter dans l\u2019\u00e9conomie les fonds n\u00e9cessaires qui servent \u00e0 relancer l\u2019investissement et interviendra par tous les m\u00e9canismes classiques de financement, y compris le capital-investissement, outre un volet d\u2019investissement dans les infrastructures \u00e0 travers les partenariats public-priv\u00e9s\u00bb, a-t-il relev\u00e9.<\/p>\n<p>Pour ce qui est de la troisi\u00e8me priorit\u00e9 du Royaume, elle concerne la r\u00e9forme du secteur public, a indiqu\u00e9 M. Bencha\u00e2boun, expliquant qu\u2019il s\u2019agit de \u00abrestructurer tout ce qui tourne autour des \u00e9tablissements publics, et de cr\u00e9er une agence nationale des participations strat\u00e9giques de l\u2019Etat\u00bb.<\/p>\n<p>Tout cela, a-t-il not\u00e9, se fera \u00aben gardant un \u0153il vigilant sur l\u2019\u00e9quilibre macro\u00e9conomique, que ce soit en mati\u00e8re de d\u00e9ficit ou d\u2019endettement\u00bb.<\/p>\n<p>\u00c9voquant le r\u00f4le des partenariats public-priv\u00e9s dans la relance \u00e9conomique, le ministre a fait remarquer que le Fonds Mohammed VI pour l\u2019investissement n\u2019interviendra pas de mani\u00e8re directe dans les secteurs de l\u2019\u00e9conomie, mais plut\u00f4t \u00e0 travers un certain nombre d\u2019interm\u00e9diaires classiques, comme les banques.<br \/>\u00abL\u2019id\u00e9e n\u2019est pas d\u2019entrer dans le capital des entreprises ou de les \u00e9tatiser, bien au contraire, il s\u2019agit de redynamiser l\u2019entreprise, lui donner des moyens de renforcer son bilan pour qu\u2019elle puisse justement acc\u00e9der au financement n\u00e9cessaire pour continuer \u00e0 investir et cr\u00e9er des emplois et que la dynamique \u00e9conomique de notre pays ne s\u2019arr\u00eate pas\u00bb, a-t-il conclut.<\/p>\n<p>Cette conf\u00e9rence a \u00e9t\u00e9 anim\u00e9e par le directeur du d\u00e9partement Afrique du nord, Moyen Orient et Asie centrale du FMI, Jihad Azour qui a rappel\u00e9 notamment que face \u00e0 l\u2019actuelle crise sans pr\u00e9c\u00e9dent, le Maroc a r\u00e9agi de mani\u00e8re \u00abexemplaire, rapide et d\u00e9termin\u00e9e\u00bb \u00e0 travers notamment des \u00abinitiatives d\u2019envergure\u00bb pour soutenir les entreprises et les m\u00e9nages.<\/p>\n<p>Pr\u00e9vues jusqu\u2019au 18 octobre, les assembl\u00e9es annuelles du FMI et de la Banque Mondiale r\u00e9unissent des acteurs d\u2019horizons divers \u2013 dirigeants du secteur public et du secteur priv\u00e9, repr\u00e9sentants d\u2019organisations de la soci\u00e9t\u00e9 civile, experts issus des milieux universitaires autour de grands dossiers mondiaux: pand\u00e9mie, endettement, lutte contre la pauvret\u00e9, d\u00e9veloppement \u00e9conomique, efficacit\u00e9 de l\u2019aide, changement climatique\u2026<\/p>\n<p>Auteur: M&rsquo;hammed rahal<br \/>\n<a href=\"http:\/\/albayane.press.ma\/%EF%BB%BFbenchaaboun-presente-les-priorites-du-plan-de-relance-economique-au-maroc.html\">Cliquez ici pour lire l&rsquo;article depuis sa source.<\/a><\/p>\n","protected":false},"excerpt":{"rendered":"<p>Assembl\u00e9es annuelles FMI-BM Les priorit\u00e9s du plan de relance \u00e9conomique au Maroc et le r\u00f4le que jouera notamment le Fonds Mohammed VI pour l\u2019investissement, ont \u00e9t\u00e9 pr\u00e9sent\u00e9s par le ministre de l\u2019\u00c9conomie, des finances et de la r\u00e9forme de l\u2019administration, Mohamed Bencha\u00e2boun, lors d\u2019une conf\u00e9rence virtuelle, tenue mercredi, \u00e0 l\u2019occasion des Assembl\u00e9es annuelles du Fonds [&hellip;]<\/p>\n","protected":false},"author":1760,"featured_media":0,"comment_status":"closed","ping_status":"closed","sticky":false,"template":"","format":"standard","meta":{"fifu_image_url":"","fifu_image_alt":"","footnotes":""},"categories":[73,54],"tags":[],"class_list":["post-101788","post","type-post","status-publish","format-standard","hentry","category-actualite","category-maroc"],"_links":{"self":[{"href":"https:\/\/linitiative.ca\/International\/wp-json\/wp\/v2\/posts\/101788","targetHints":{"allow":["GET"]}}],"collection":[{"href":"https:\/\/linitiative.ca\/International\/wp-json\/wp\/v2\/posts"}],"about":[{"href":"https:\/\/linitiative.ca\/International\/wp-json\/wp\/v2\/types\/post"}],"author":[{"embeddable":true,"href":"https:\/\/linitiative.ca\/International\/wp-json\/wp\/v2\/users\/1760"}],"replies":[{"embeddable":true,"href":"https:\/\/linitiative.ca\/International\/wp-json\/wp\/v2\/comments?post=101788"}],"version-history":[{"count":0,"href":"https:\/\/linitiative.ca\/International\/wp-json\/wp\/v2\/posts\/101788\/revisions"}],"wp:attachment":[{"href":"https:\/\/linitiative.ca\/International\/wp-json\/wp\/v2\/media?parent=101788"}],"wp:term":[{"taxonomy":"category","embeddable":true,"href":"https:\/\/linitiative.ca\/International\/wp-json\/wp\/v2\/categories?post=101788"},{"taxonomy":"post_tag","embeddable":true,"href":"https:\/\/linitiative.ca\/International\/wp-json\/wp\/v2\/tags?post=101788"}],"curies":[{"name":"wp","href":"https:\/\/api.w.org\/{rel}","templated":true}]}}