{"id":101790,"date":"2020-10-15T10:06:13","date_gmt":"2020-10-15T14:06:13","guid":{"rendered":"https:\/\/linitiative.ca\/International\/inauguration-du-nouveau-site-dalstom-a-fes\/"},"modified":"2020-10-15T10:06:13","modified_gmt":"2020-10-15T14:06:13","slug":"inauguration-du-nouveau-site-dalstom-a-fes","status":"publish","type":"post","link":"https:\/\/linitiative.ca\/International\/inauguration-du-nouveau-site-dalstom-a-fes\/","title":{"rendered":"Inauguration du nouveau site d\u2019Alstom \u00e0 F\u00e8s"},"content":{"rendered":"<p class=\"has-text-color has-vivid-cyan-blue-color\"><strong>Le nouveau site d\u2019Alstom \u00e0 F\u00e8s a \u00e9t\u00e9 inaugur\u00e9. S\u2019\u00e9tendant sur une superficie de 3,4ha, ce projet d\u2019un co\u00fbt global de 48 millions de DH est destin\u00e9 \u00e0 la fabrication et le montage des c\u00e2bles et armoires \u00e9lectriques.<\/strong><\/p>\n<p>Ce projet industriel emploie actuellement quelque 400 personnes et tend la cr\u00e9ation de 350 autres emplois directs \u00e0 l\u2019horizon 2023, selon Alstom.<\/p>\n<p>Gr\u00e2ce \u00e0 l\u2019augmentation de la capacit\u00e9 de production d\u2019Alstom, de nouveaux emplois seront cr\u00e9\u00e9s, offrant ainsi aux comp\u00e9tences locales l\u2019opportunit\u00e9 de s\u2019affirmer et de contribuer au d\u00e9veloppement de la r\u00e9gion, a-t-il ajout\u00e9, notant que ce nouvel investissement augure de belles perspectives pour le groupe Alstom au Maroc.<\/p>\n<p>Le pr\u00e9sident d\u2019Alstom Transport Maroc, Nourddine Rhalmi, a soulign\u00e9, de son c\u00f4t\u00e9, que le nouveau site de F\u00e8s est une \u00abpreuve de l\u2019expansion industrielle d\u2019Alstom au Maroc\u00bb, pr\u00e9cisant que son \u00abdesign contemporain, projet\u00e9 vers le futur, permettra d\u2019inscrire la ville dans une nouvelle m\u00e9moire positive, pour un avenir que l\u2019on sait d\u00e9j\u00e0 prometteur\u00bb.<\/p>\n<p>\u00abIl illustre parfaitement notre strat\u00e9gie qui consiste \u00e0 concevoir et \u00e0 d\u00e9velopper un \u00e9cosyst\u00e8me localis\u00e9, tout en ayant une action hautement b\u00e9n\u00e9fique pour l\u2019industrie comme pour la communaut\u00e9\u00bb, a-t-il dit.<\/p>\n<p>Il a assur\u00e9 que l\u2019entreprise continuera \u00e0 d\u00e9velopper un \u00absolide r\u00e9seau de fournisseurs locaux, et \u00e0 am\u00e9liorer la connaissance des sous-syst\u00e8mes cl\u00e9s, tout en aidant nos talents locaux \u00e0 aiguiser leurs comp\u00e9tences\u00bb.<\/p>\n<p>D\u2019apr\u00e8s l\u2019entreprise, le site Alstom de F\u00e8s a contribu\u00e9, \u00e0 ce jour, \u00e0 plus de 20 projets ferroviaires dans le monde et augmentera la capacit\u00e9 de production d\u2019armoires \u00e9lectriques et de faisceaux pour les applications ferroviaires et les c\u00e2blages \u00e9lectriques qui sont install\u00e9s sur le mat\u00e9riel roulant d\u2019Alstom.<\/p>\n<p>\u00c0 l\u2019avenir, Alstom s\u2019engage \u00e9galement \u00e0 \u00abaccro\u00eetre le vivier de talents locaux et \u00e0 engager davantage ainsi qu\u2019\u00e0 soutenir le d\u00e9veloppement socio-\u00e9conomique de la r\u00e9gion\u00bb.<\/p>\n<p>Alstom est pr\u00e9sent au Maroc depuis un si\u00e8cle. Avec plus de 500 employ\u00e9s, Alstom a r\u00e9alis\u00e9 de nombreux projets, parmi lesquels la livraison de tramways Citadis aux villes de Rabat et de Casablanca, 12 trains Avelia Euroduplex pour la ligne \u00e0 grande vitesse, qui reliera Tanger \u00e0 Casablanca et 50 locomotives Prima, apportant les solutions les plus appropri\u00e9es pour les services de transport de fret, de passagers et mixtes.<\/p>\n<p>Auteur: M&rsquo;hammed rahal<br \/>\n<a href=\"http:\/\/albayane.press.ma\/inauguration-du-nouveau-site-dalstom-a-fes.html\">Cliquez ici pour lire l&rsquo;article depuis sa source.<\/a><\/p>\n","protected":false},"excerpt":{"rendered":"<p>Le nouveau site d\u2019Alstom \u00e0 F\u00e8s a \u00e9t\u00e9 inaugur\u00e9. S\u2019\u00e9tendant sur une superficie de 3,4ha, ce projet d\u2019un co\u00fbt global de 48 millions de DH est destin\u00e9 \u00e0 la fabrication et le montage des c\u00e2bles et armoires \u00e9lectriques. Ce projet industriel emploie actuellement quelque 400 personnes et tend la cr\u00e9ation de 350 autres emplois directs [&hellip;]<\/p>\n","protected":false},"author":1760,"featured_media":0,"comment_status":"closed","ping_status":"closed","sticky":false,"template":"","format":"standard","meta":{"fifu_image_url":"","fifu_image_alt":"","footnotes":""},"categories":[73,54],"tags":[],"class_list":["post-101790","post","type-post","status-publish","format-standard","hentry","category-actualite","category-maroc"],"_links":{"self":[{"href":"https:\/\/linitiative.ca\/International\/wp-json\/wp\/v2\/posts\/101790","targetHints":{"allow":["GET"]}}],"collection":[{"href":"https:\/\/linitiative.ca\/International\/wp-json\/wp\/v2\/posts"}],"about":[{"href":"https:\/\/linitiative.ca\/International\/wp-json\/wp\/v2\/types\/post"}],"author":[{"embeddable":true,"href":"https:\/\/linitiative.ca\/International\/wp-json\/wp\/v2\/users\/1760"}],"replies":[{"embeddable":true,"href":"https:\/\/linitiative.ca\/International\/wp-json\/wp\/v2\/comments?post=101790"}],"version-history":[{"count":0,"href":"https:\/\/linitiative.ca\/International\/wp-json\/wp\/v2\/posts\/101790\/revisions"}],"wp:attachment":[{"href":"https:\/\/linitiative.ca\/International\/wp-json\/wp\/v2\/media?parent=101790"}],"wp:term":[{"taxonomy":"category","embeddable":true,"href":"https:\/\/linitiative.ca\/International\/wp-json\/wp\/v2\/categories?post=101790"},{"taxonomy":"post_tag","embeddable":true,"href":"https:\/\/linitiative.ca\/International\/wp-json\/wp\/v2\/tags?post=101790"}],"curies":[{"name":"wp","href":"https:\/\/api.w.org\/{rel}","templated":true}]}}