{"id":101793,"date":"2020-10-15T05:23:54","date_gmt":"2020-10-15T09:23:54","guid":{"rendered":"https:\/\/linitiative.ca\/International\/cjd-il-est-necessaire-de-decreter-un-etat-durgence-economique-et-social\/"},"modified":"2020-10-15T05:23:54","modified_gmt":"2020-10-15T09:23:54","slug":"cjd-il-est-necessaire-de-decreter-un-etat-durgence-economique-et-social","status":"publish","type":"post","link":"https:\/\/linitiative.ca\/International\/cjd-il-est-necessaire-de-decreter-un-etat-durgence-economique-et-social\/","title":{"rendered":"CJD : Il est n\u00e9cessaire de d\u00e9cr\u00e9ter un \u00e9tat d\u2019urgence \u00e9conomique et social"},"content":{"rendered":"<h2>Le\u00a0<a href=\"https:\/\/cjd-tunisie.org\/\" target=\"_blank\" rel=\"noopener noreferrer\">Centre des jeunes dirigeants<\/a>\u00a0(CJD) a appel\u00e9 le gouvernement \u00e0 agir rapidement. Et ce en proposant des<\/h2>\n<h2>mesures de soutien concr\u00e8tes en faveur des TPE et des PME. L\u2019objectif \u00e9tant, selon le CJD, de sauvegarder les<\/h2>\n<h2>emplois et assurer la survie de ces entreprises.<\/h2>\n<p>Le CJD a estim\u00e9 qu\u2019il est n\u00e9cessaire de d\u00e9cr\u00e9ter un \u00e9tat d\u2019urgence \u00e9conomique et social comportant les mesures suivantes :<\/p>\n<ul>\n<li>D\u00e9bloquer le m\u00e9canisme d\u2019octroi des cr\u00e9dits COVID non encore d\u00e9ploy\u00e9s \u00e0 ce jour en incitant le secteur bancaire \u00e0 collaborer davantage avec les PME et inclure concr\u00e8tement les entreprises qui sont en difficult\u00e9 avant la crise COVID;<\/li>\n<li>Honorer les engagements de l\u2019Etat vis-\u00e0-vis de ses fournisseurs (subventions, march\u00e9s publiques\u2026) sans tenir compte de la dette fiscale ant\u00e9rieure;<\/li>\n<li>Apporter plus de souplesse et de flexibilit\u00e9 \u00e0 certaines dispositions li\u00e9es aux contrats de travail;<\/li>\n<li>Possibilit\u00e9 de r\u00e9\u00e9chelonnement de la CNSS et revue de cette derni\u00e8re en fonction de la p\u00e9riode travaill\u00e9e effective.<\/li>\n<\/ul>\n<p>En effet, \u00ab\u00a0ces mesures sont n\u00e9cessaires pour arr\u00eater l\u2019h\u00e9morragie et qu\u2019elles repr\u00e9sentent un pr\u00e9alable pour le lancement d\u2019un plan de relance \u00e9conomique\u00a0\u00bb. Lit-on dans un communiqu\u00e9 du CJD.<\/p>\n<p>A ce titre, le CJD a propos\u00e9 quelques points \u00e0 int\u00e9grer :<\/p>\n<ul>\n<li>Consid\u00e9rer toute la Tunisie comme zone de d\u00e9veloppement pendant cette p\u00e9riode de relance. Et ce afin de permettre aux PME de b\u00e9n\u00e9ficier de tous les avantages fiscaux qui peuvent en d\u00e9couler;<\/li>\n<li>Inciter le secteur bancaire \u00e0 devenir une partie prenante d\u2019un plan de relance pour soutenir les PME;<\/li>\n<li>La possibilit\u00e9 d\u2019octroyer des cr\u00e9dits participatifs garantis par l\u2019Etat aux Actionnaires des PME pour permettre la capitalisation des entreprises et am\u00e9liorer la tr\u00e9sorerie des PME.<\/li>\n<\/ul>\n<p>Au final, le CJD a consid\u00e9r\u00e9 qu\u2019il est de son devoir, en tant qu\u2019organisation qui \u0153uvre pour la valorisation de l\u2019entreprenariat et le progr\u00e8s \u00e9conomique du pays, de participer activement \u00e0 un plan de relance n\u00e9cessaire. Et ce pour d\u00e9passer cette crise.<\/p>\n<div class=\"wp-post-author-wrap wp-post-author-shortcode left\">\n<h3 class=\"awpa-title\"\/>\n<div class=\"wp-post-author\">\n<div class=\"awpa-img awpa-author-block square\"><a href=\"http:\/\/lexpertjournal.net\/fr\/?author=5\"><img loading=\"lazy\" decoding=\"async\" alt=\"\" src=\"http:\/\/0.gravatar.com\/avatar\/97f8e10a1c1125ba104a76514ee07b16?s=150&amp;d=mm&amp;r=g\" srcset=\"http:\/\/0.gravatar.com\/avatar\/97f8e10a1c1125ba104a76514ee07b16?s=300&amp;d=mm&amp;r=g 2x\" class=\"avatar avatar-150 photo\" height=\"150\" width=\"150\"\/><\/a><\/div>\n<\/div>\n<\/div>\n<aside class=\"mashsb-container mashsb-main mashsb-stretched\">\n<\/aside>\n<p>Auteur: L&rsquo;expert<br \/>\n<a href=\"http:\/\/lexpertjournal.net\/fr\/?p=17005\">Cliquez ici pour lire l&rsquo;article depuis sa source.<\/a><\/p>\n","protected":false},"excerpt":{"rendered":"<p>Le\u00a0Centre des jeunes dirigeants\u00a0(CJD) a appel\u00e9 le gouvernement \u00e0 agir rapidement. Et ce en proposant des mesures de soutien concr\u00e8tes en faveur des TPE et des PME. L\u2019objectif \u00e9tant, selon le CJD, de sauvegarder les emplois et assurer la survie de ces entreprises. Le CJD a estim\u00e9 qu\u2019il est n\u00e9cessaire de d\u00e9cr\u00e9ter un \u00e9tat d\u2019urgence [&hellip;]<\/p>\n","protected":false},"author":1775,"featured_media":0,"comment_status":"closed","ping_status":"closed","sticky":false,"template":"","format":"standard","meta":{"fifu_image_url":"","fifu_image_alt":"","footnotes":""},"categories":[78,55],"tags":[],"class_list":["post-101793","post","type-post","status-publish","format-standard","hentry","category-economie","category-tunisie"],"_links":{"self":[{"href":"https:\/\/linitiative.ca\/International\/wp-json\/wp\/v2\/posts\/101793","targetHints":{"allow":["GET"]}}],"collection":[{"href":"https:\/\/linitiative.ca\/International\/wp-json\/wp\/v2\/posts"}],"about":[{"href":"https:\/\/linitiative.ca\/International\/wp-json\/wp\/v2\/types\/post"}],"author":[{"embeddable":true,"href":"https:\/\/linitiative.ca\/International\/wp-json\/wp\/v2\/users\/1775"}],"replies":[{"embeddable":true,"href":"https:\/\/linitiative.ca\/International\/wp-json\/wp\/v2\/comments?post=101793"}],"version-history":[{"count":0,"href":"https:\/\/linitiative.ca\/International\/wp-json\/wp\/v2\/posts\/101793\/revisions"}],"wp:attachment":[{"href":"https:\/\/linitiative.ca\/International\/wp-json\/wp\/v2\/media?parent=101793"}],"wp:term":[{"taxonomy":"category","embeddable":true,"href":"https:\/\/linitiative.ca\/International\/wp-json\/wp\/v2\/categories?post=101793"},{"taxonomy":"post_tag","embeddable":true,"href":"https:\/\/linitiative.ca\/International\/wp-json\/wp\/v2\/tags?post=101793"}],"curies":[{"name":"wp","href":"https:\/\/api.w.org\/{rel}","templated":true}]}}