{"id":101797,"date":"2020-10-15T13:26:43","date_gmt":"2020-10-15T17:26:43","guid":{"rendered":"https:\/\/linitiative.ca\/International\/operation-dequipement-en-materiel-didactique-des-etablissements-denseignement\/"},"modified":"2020-10-15T13:26:43","modified_gmt":"2020-10-15T17:26:43","slug":"operation-dequipement-en-materiel-didactique-des-etablissements-denseignement","status":"publish","type":"post","link":"https:\/\/linitiative.ca\/International\/operation-dequipement-en-materiel-didactique-des-etablissements-denseignement\/","title":{"rendered":"Op\u00e9ration d\u2019\u00e9quipement en mat\u00e9riel didactique des \u00e9tablissements d\u2019enseignement"},"content":{"rendered":"<p><iframe loading=\"lazy\" width=\"1170\" height=\"658\" src=\"https:\/\/www.youtube.com\/embed\/azXxfDzgkeI?feature=oembed\" frameborder=\"0\" allow=\"accelerometer; autoplay; clipboard-write; encrypted-media; gyroscope; picture-in-picture\" allowfullscreen=\"\">[embedded content]<\/iframe><\/p>\n<div class=\"single-post-excerpt post-excerpt-bc\" readability=\"37\">\n<p>La c\u00e9r\u00e9monie de lancement de l\u2019op\u00e9ration d\u2019\u00e9quipement en mat\u00e9riel didactique et robotique des 90 \u00e9tablissements d\u2019enseignement b\u00e9n\u00e9ficiaires du projet \u00ab Education secondaire \u00bb au niveau des r\u00e9gions de Marrakech-Safi, F\u00e8s-Mekn\u00e8s et Tanger-T\u00e9touan-Al Hoce\u00efma, a eu lieu vendredi depuis le lyc\u00e9e coll\u00e9gial Al Atlas \u00e0 Marrakech.<\/p>\n<\/div>\n<p>Auteur: Meriem IGASS<br \/>\n<a href=\"http:\/\/www.mapmarrakech.ma\/fr\/operation-dequipement-en-materiel-didactique-des-etablissements-denseignement\/\">Cliquez ici pour lire l&rsquo;article depuis sa source.<\/a><\/p>\n","protected":false},"excerpt":{"rendered":"<p>[embedded content] La c\u00e9r\u00e9monie de lancement de l\u2019op\u00e9ration d\u2019\u00e9quipement en mat\u00e9riel didactique et robotique des 90 \u00e9tablissements d\u2019enseignement b\u00e9n\u00e9ficiaires du projet \u00ab Education secondaire \u00bb au niveau des r\u00e9gions de Marrakech-Safi, F\u00e8s-Mekn\u00e8s et Tanger-T\u00e9touan-Al Hoce\u00efma, a eu lieu vendredi depuis le lyc\u00e9e coll\u00e9gial Al Atlas \u00e0 Marrakech. Auteur: Meriem IGASS Cliquez ici pour lire l&rsquo;article [&hellip;]<\/p>\n","protected":false},"author":1788,"featured_media":0,"comment_status":"closed","ping_status":"closed","sticky":false,"template":"","format":"standard","meta":{"fifu_image_url":"","fifu_image_alt":"","footnotes":""},"categories":[54,76],"tags":[],"class_list":["post-101797","post","type-post","status-publish","format-standard","hentry","category-maroc","category-regions"],"_links":{"self":[{"href":"https:\/\/linitiative.ca\/International\/wp-json\/wp\/v2\/posts\/101797","targetHints":{"allow":["GET"]}}],"collection":[{"href":"https:\/\/linitiative.ca\/International\/wp-json\/wp\/v2\/posts"}],"about":[{"href":"https:\/\/linitiative.ca\/International\/wp-json\/wp\/v2\/types\/post"}],"author":[{"embeddable":true,"href":"https:\/\/linitiative.ca\/International\/wp-json\/wp\/v2\/users\/1788"}],"replies":[{"embeddable":true,"href":"https:\/\/linitiative.ca\/International\/wp-json\/wp\/v2\/comments?post=101797"}],"version-history":[{"count":0,"href":"https:\/\/linitiative.ca\/International\/wp-json\/wp\/v2\/posts\/101797\/revisions"}],"wp:attachment":[{"href":"https:\/\/linitiative.ca\/International\/wp-json\/wp\/v2\/media?parent=101797"}],"wp:term":[{"taxonomy":"category","embeddable":true,"href":"https:\/\/linitiative.ca\/International\/wp-json\/wp\/v2\/categories?post=101797"},{"taxonomy":"post_tag","embeddable":true,"href":"https:\/\/linitiative.ca\/International\/wp-json\/wp\/v2\/tags?post=101797"}],"curies":[{"name":"wp","href":"https:\/\/api.w.org\/{rel}","templated":true}]}}