{"id":101801,"date":"2020-10-15T12:38:12","date_gmt":"2020-10-15T16:38:12","guid":{"rendered":"https:\/\/linitiative.ca\/International\/douanes-installation-des-chefs-dinspection-divisionnaires-dillizi-djanet-et-in-amenas\/"},"modified":"2020-10-15T12:38:12","modified_gmt":"2020-10-15T16:38:12","slug":"douanes-installation-des-chefs-dinspection-divisionnaires-dillizi-djanet-et-in-amenas","status":"publish","type":"post","link":"https:\/\/linitiative.ca\/International\/douanes-installation-des-chefs-dinspection-divisionnaires-dillizi-djanet-et-in-amenas\/","title":{"rendered":"Douanes: installation des chefs d\u2019inspection divisionnaires d\u2019Illizi, Djanet et In-Amenas"},"content":{"rendered":"<div readability=\"36\">\n<p><strong>ILLZI &#8211; Les nouveaux chefs d\u2019inspection divisionnaires d\u2019Illizi, Djanet et In-Amenas, relevant de la direction r\u00e9gionale des Douanes d\u2019Illizi, ont \u00e9t\u00e9 install\u00e9s jeudi dans leurs fonctions.<\/strong><\/p>\n<\/div>\n<div readability=\"80\">\n<p>Il s\u2019agit de l\u2019installation respectivement de Mohamed Kaneche, Abderrahmane Zekani et Hac\u00e8ne Oudjil, lors d\u2019une c\u00e9r\u00e9monie pr\u00e9sid\u00e9e par Djamel Brika, contr\u00f4leur g\u00e9n\u00e9ral principal, directeur des \u00e9tudes \u00e0 la direction g\u00e9n\u00e9rale des douanes, repr\u00e9sentant du directeur g\u00e9n\u00e9ral des Douanes, Noureddine Khaldi, en pr\u00e9sence des autorit\u00e9s de la wilaya.<\/p>\n<p>Dans son allocution d\u2019installation, M. Brika a mis en exergue \u00ab\u00a0la nouvelle dynamique, devant toucher d\u2019autres services des Douanes, et visant \u00e0 conf\u00e9rer une totale transparence dans les nominations aux postes sup\u00e9rieurs douaniers, sur la base de crit\u00e8res de comp\u00e9tence et de performance, d\u2019esprit de responsabilit\u00e9 dans le respect des lois de la R\u00e9publique et la protection des droits du Tr\u00e9sor public\u00a0\u00bb.<\/p>\n<p>Ce mouvement p\u00e9riodique des cadres douaniers tend \u00e0 donner une nouvelle dynamique \u00e0 la mission importante et sensible des services douaniers sur le terrain, en vue de renforcer les efforts dans le traitement douanier des marchandises, le contr\u00f4le rigoureux, la promotion de la performance douani\u00e8re pour la protection de l\u2019\u00e9conomie nationale et du citoyen, et la lutte contre les diff\u00e9rentes formes de fraude et de trafic, a pr\u00e9cis\u00e9 M. Brika.<\/p>\n<p>Ces efforts visent aussi, a-t-il dit, la lutte, en coordination avec les diff\u00e9rents corps de s\u00e9curit\u00e9, contre les crimes \u00e9conomiques transfrontaliers, notamment en cette conjoncture sanitaire exceptionnelle et les d\u00e9fis \u00e9conomiques requ\u00e9rant la mobilisation de tous pour r\u00e9aliser davantage de r\u00e9sultats en termes de recouvrement fiscal, de r\u00e9pression des infractions de change et des transferts ill\u00e9gaux de devises.<\/p>\n<p>Selon le m\u00eame responsable, ce mouvement traduit un nouvel essor dans la gestion des services douaniers visant la qualification du service public douanier pour prendre en charge les pr\u00e9occupations du citoyen, l\u2019\u00e9radication de la bureaucratie et la lutte contre les diff\u00e9rentes formes de pratiques n\u00e9fastes.<\/p>\n<\/div>\n<p>Auteur:<br \/>\n<a href=\"http:\/\/www.aps.dz\/regions\/111127-douanes-installation-des-chefs-d-inspection-divisionnaires-d-illizi-djanet-et-in-amenas\">Cliquez ici pour lire l&rsquo;article depuis sa source.<\/a><\/p>\n","protected":false},"excerpt":{"rendered":"<p>ILLZI &#8211; Les nouveaux chefs d\u2019inspection divisionnaires d\u2019Illizi, Djanet et In-Amenas, relevant de la direction r\u00e9gionale des Douanes d\u2019Illizi, ont \u00e9t\u00e9 install\u00e9s jeudi dans leurs fonctions. Il s\u2019agit de l\u2019installation respectivement de Mohamed Kaneche, Abderrahmane Zekani et Hac\u00e8ne Oudjil, lors d\u2019une c\u00e9r\u00e9monie pr\u00e9sid\u00e9e par Djamel Brika, contr\u00f4leur g\u00e9n\u00e9ral principal, directeur des \u00e9tudes \u00e0 la direction [&hellip;]<\/p>\n","protected":false},"author":1790,"featured_media":0,"comment_status":"closed","ping_status":"closed","sticky":false,"template":"","format":"standard","meta":{"fifu_image_url":"","fifu_image_alt":"","footnotes":""},"categories":[53,76],"tags":[],"class_list":["post-101801","post","type-post","status-publish","format-standard","hentry","category-algerie","category-regions"],"_links":{"self":[{"href":"https:\/\/linitiative.ca\/International\/wp-json\/wp\/v2\/posts\/101801","targetHints":{"allow":["GET"]}}],"collection":[{"href":"https:\/\/linitiative.ca\/International\/wp-json\/wp\/v2\/posts"}],"about":[{"href":"https:\/\/linitiative.ca\/International\/wp-json\/wp\/v2\/types\/post"}],"author":[{"embeddable":true,"href":"https:\/\/linitiative.ca\/International\/wp-json\/wp\/v2\/users\/1790"}],"replies":[{"embeddable":true,"href":"https:\/\/linitiative.ca\/International\/wp-json\/wp\/v2\/comments?post=101801"}],"version-history":[{"count":0,"href":"https:\/\/linitiative.ca\/International\/wp-json\/wp\/v2\/posts\/101801\/revisions"}],"wp:attachment":[{"href":"https:\/\/linitiative.ca\/International\/wp-json\/wp\/v2\/media?parent=101801"}],"wp:term":[{"taxonomy":"category","embeddable":true,"href":"https:\/\/linitiative.ca\/International\/wp-json\/wp\/v2\/categories?post=101801"},{"taxonomy":"post_tag","embeddable":true,"href":"https:\/\/linitiative.ca\/International\/wp-json\/wp\/v2\/tags?post=101801"}],"curies":[{"name":"wp","href":"https:\/\/api.w.org\/{rel}","templated":true}]}}