{"id":101803,"date":"2020-10-15T09:16:49","date_gmt":"2020-10-15T13:16:49","guid":{"rendered":"https:\/\/linitiative.ca\/International\/le-betail-menace-par-la-maladie-de-la-langue-bleue\/"},"modified":"2020-10-15T09:16:49","modified_gmt":"2020-10-15T13:16:49","slug":"le-betail-menace-par-la-maladie-de-la-langue-bleue","status":"publish","type":"post","link":"https:\/\/linitiative.ca\/International\/le-betail-menace-par-la-maladie-de-la-langue-bleue\/","title":{"rendered":"Le b\u00e9tail menac\u00e9 par la maladie  de la langue bleue"},"content":{"rendered":"<p class=\"p1 c4\"><span class=\"c3\"><span class=\"s1 c2\"><strong>LE TEMPS \u2013 TAP<\/strong><\/span><\/span><\/p>\n<p class=\"p2 c5\"><span class=\"c3\">Les services v\u00e9t\u00e9rinaires, relevant du minist\u00e8re de l&rsquo;Agriculture, des ressources hydrauliques et de la p\u00eache, appellent, mercredi, les \u00e9leveurs \u00e0 prot\u00e9ger leur b\u00e9tail (moutons et vaches) de la maladie de la fi\u00e8vre catarrhale ovine (FCO) ou ce qu&rsquo;on appelle commun\u00e9ment, la maladie de la langue bleue.<\/span><\/p>\n<p class=\"p2 c5\"><span class=\"c3\">Ils leur demandent de placer le b\u00e9tail au sein d&rsquo;abris prot\u00e9g\u00e9s des insectes pour les prot\u00e9ger de leurs piq\u00fbres, notamment avant le coucher et apr\u00e8s le lever du soleil, et \u00e0 \u00e9viter le p\u00e2turage pendant cette p\u00e9riode de la journ\u00e9e.<\/span><\/p>\n<p class=\"p2 c5\"><span class=\"c3\">Ils recommandent, par ailleurs, de lutter contre les insectes porteurs de cette maladie, en \u00e9liminant les eaux stagnantes pr\u00e8s des \u00e9levages, tout en optant pour la pulv\u00e9risation des pesticides non r\u00e9manents et qui ne nuisent pas \u00e0 l&rsquo;\u00e9quilibre \u00e9cologique.<\/span><\/p>\n<p class=\"p2 c5\"><span class=\"c3\">Les services v\u00e9t\u00e9rinaires pr\u00e9conisent, en outre, d&rsquo;\u00e9viter l&rsquo;accumulation d&rsquo;engrais naturels autour de l&rsquo;exploitation et de pulv\u00e9riser les animaux de r\u00e9pulsifs contre les insectes.<\/span><\/p>\n<p class=\"p2 c5\"><span class=\"c3\">Ils ont appel\u00e9, de m\u00eame, \u00e0 la n\u00e9cessit\u00e9 de d\u00e9clarer tous les cas suspects et de contacter le v\u00e9t\u00e9rinaire priv\u00e9 le plus proche, en cas d&rsquo;apparition des sympt\u00f4mes de la maladie (hausse de la temp\u00e9rature corporelle de l&rsquo;animal, rougeur des muqueuses &#8230;)<\/span><\/p>\n<p class=\"p2 c5\"><span class=\"c3\">Le d\u00e9partement de l&rsquo;Agriculture a rappel\u00e9, dans un communiqu\u00e9, que les changements climatiques ont entrain\u00e9 l&rsquo;\u00e9mergence de plusieurs foyers de la maladie de la langue bleue dans les zones humides, et en particulier dans les gouvernorats du centre et du Sahel.<\/span><\/p>\n<p class=\"p2 c5\"><span class=\"c3\">Cette maladie non transmissible \u00e0 l&rsquo;homme, est pr\u00e9sente en Tunisie depuis 1999, ainsi que dans les pays du bassin m\u00e9diterran\u00e9en et les pays africains. Le taux d&rsquo;infection ne d\u00e9passe pas 5% et le taux de mortalit\u00e9 est de 1%.<\/span><\/p>\n<p>Auteur: letemps1<br \/>\n<a href=\"http:\/\/www.letemps.com.tn\/article\/117599\/le-b%C3%A9tail-menac%C3%A9-par-la-maladie-de-la-langue-bleue\">Cliquez ici pour lire l&rsquo;article depuis sa source.<\/a><\/p>\n","protected":false},"excerpt":{"rendered":"<p>LE TEMPS \u2013 TAP Les services v\u00e9t\u00e9rinaires, relevant du minist\u00e8re de l&rsquo;Agriculture, des ressources hydrauliques et de la p\u00eache, appellent, mercredi, les \u00e9leveurs \u00e0 prot\u00e9ger leur b\u00e9tail (moutons et vaches) de la maladie de la fi\u00e8vre catarrhale ovine (FCO) ou ce qu&rsquo;on appelle commun\u00e9ment, la maladie de la langue bleue. Ils leur demandent de placer [&hellip;]<\/p>\n","protected":false},"author":1773,"featured_media":0,"comment_status":"closed","ping_status":"closed","sticky":false,"template":"","format":"standard","meta":{"fifu_image_url":"","fifu_image_alt":"","footnotes":""},"categories":[73,55],"tags":[],"class_list":["post-101803","post","type-post","status-publish","format-standard","hentry","category-actualite","category-tunisie"],"_links":{"self":[{"href":"https:\/\/linitiative.ca\/International\/wp-json\/wp\/v2\/posts\/101803","targetHints":{"allow":["GET"]}}],"collection":[{"href":"https:\/\/linitiative.ca\/International\/wp-json\/wp\/v2\/posts"}],"about":[{"href":"https:\/\/linitiative.ca\/International\/wp-json\/wp\/v2\/types\/post"}],"author":[{"embeddable":true,"href":"https:\/\/linitiative.ca\/International\/wp-json\/wp\/v2\/users\/1773"}],"replies":[{"embeddable":true,"href":"https:\/\/linitiative.ca\/International\/wp-json\/wp\/v2\/comments?post=101803"}],"version-history":[{"count":0,"href":"https:\/\/linitiative.ca\/International\/wp-json\/wp\/v2\/posts\/101803\/revisions"}],"wp:attachment":[{"href":"https:\/\/linitiative.ca\/International\/wp-json\/wp\/v2\/media?parent=101803"}],"wp:term":[{"taxonomy":"category","embeddable":true,"href":"https:\/\/linitiative.ca\/International\/wp-json\/wp\/v2\/categories?post=101803"},{"taxonomy":"post_tag","embeddable":true,"href":"https:\/\/linitiative.ca\/International\/wp-json\/wp\/v2\/tags?post=101803"}],"curies":[{"name":"wp","href":"https:\/\/api.w.org\/{rel}","templated":true}]}}