{"id":101804,"date":"2020-10-15T09:17:21","date_gmt":"2020-10-15T13:17:21","guid":{"rendered":"https:\/\/linitiative.ca\/International\/covid-19-maladie-de-la-honte\/"},"modified":"2020-10-15T09:17:21","modified_gmt":"2020-10-15T13:17:21","slug":"covid-19-maladie-de-la-honte","status":"publish","type":"post","link":"https:\/\/linitiative.ca\/International\/covid-19-maladie-de-la-honte\/","title":{"rendered":"\u00ab\u00a0Covid 19\u00a0\u00bb maladie de la honte ?"},"content":{"rendered":"<p class=\"p1 c4\"><span class=\"c3\"><span class=\"s1 c2\"><strong>LE TEMPS &#8211; Mohamed Sahbi RAMMAH<\/strong><\/span><\/span><\/p>\n<p class=\"p2 c5\"><span class=\"c3\"><strong>Au bas du Certificat M\u00e9dical Pr\u00e9nuptial (CPN) que les futurs conjoints se doivent imp\u00e9rativement pr\u00e9senter \u00e0 qui de droit pour finaliser leur contrat de mariage, un texte de loi y figure en toute clart\u00e9: \u00a0\u00bb Toute personne, se sachant atteinte d&rsquo;une maladie transmissible et qui par son comportement concourt d\u00e9lib\u00e9r\u00e9ment \u00e0 sa transmission \u00e0 d&rsquo;autres personnes, est passible d&rsquo;un emprisonnement de un \u00e0 3 ans ( Loi n\u00b0 92-71 du 27 Juillet 1992 relative aux maladies transmissibles : Articles 11 et 18). Net clair et pr\u00e9cis !<\/strong><\/span><\/p>\n<p class=\"p1 c6\"><span class=\"c3\">On constate, h\u00e9las, qu&rsquo;une majorit\u00e9 de nos concitoyens rechignent \u00e0 d\u00e9clarer leur maladie au \u00ab\u00a0Covid 19\u00a0\u00bb, redoutant les r\u00e9actions n\u00e9gatives de leurs voisins \u00e0 leur endroit. Attitude des plus p\u00e9rilleuses et pour les premiers concern\u00e9s et pour tous ceux qui risquent de les c\u00f4toyer. Faudrait-il l\u00e9gif\u00e9rer comme pour les (CPN) pour contraindre ces sujets \u00e0 d\u00e9clarer leur atteinte s&rsquo;agissant d&rsquo;une maladie transmissible et hautement dangereuse ?<\/span><\/p>\n<p class=\"p2 c7\"><span class=\"c3\"><strong>Ils ne sont pas des pestif\u00e9r\u00e9s<\/strong><\/span><\/p>\n<p class=\"p1 c6\"><span class=\"c3\">Malheureusement, l&rsquo;attitude de nos pairs \u00e0 l&rsquo;endroit de ceux qui sont atteints par ce nouveau fl\u00e9au \u00ab\u00a0Covid 19\u00a0\u00bb est des plus n\u00e9fastes pour ne pas la qualifier de discriminatoire. Une ambulance du SAMU s&rsquo;am\u00e8ne devant un domicile, et tous les voisins de mettre tous les occupants de la maisonn\u00e9e en quarantaine et ce quelle que soit la raison du transfert du malade \u00e0 l&rsquo;h\u00f4pital (fracture du col du f\u00e9mur, accident vasculaire c\u00e9r\u00e9bral, angine de poitrine etc.)<\/span><\/p>\n<p class=\"p1 c6\"><span class=\"c3\">Devant cet \u00e9tat de fait, recours aux malades r\u00e9ellement atteints du \u00ab\u00a0Covid-19\u00a0\u00bb ainsi que leurs proches parents au d\u00e9ni de la pathologie avec un mutisme et un blackout complets. Le sujet malade et les siens de peur d&rsquo;\u00eatre mis \u00e0 l&rsquo;index et d&rsquo;\u00eatre fuis par tout un chacun continuent \u00e0 vaquer \u00ab\u00a0normalement\u00a0\u00bb \u00e0 leurs besoins, \u00e0 aller au travail, \u00e0 se m\u00ealer avec autrui sans la moindre r\u00e9serve et autres pr\u00e9cautions histoire de ne pas \u00e9veiller les soup\u00e7ons. Une toux, des \u00e9ternuements, de la fi\u00e8vre, des yeux larmoyants, ce n&rsquo;est rien s&rsquo;\u00e9crient-ils, c&rsquo;est juste un petit et non moins banal refroidissement contract\u00e9 la veille suite \u00e0 une exposition prolong\u00e9 au climatiseur&#8230;<\/span><\/p>\n<p class=\"p2 c7\"><span class=\"c3\"><strong>Rassurons ces malades !<\/strong><\/span><\/p>\n<p class=\"p1 c6\"><span class=\"c3\">Un m\u00e9decin nous rapportant cette tragicomique affirmation v\u00e9ridique d&rsquo;une m\u00e8re sachant que sa fille de 22 ans est malade (PCR positive \u00e0 l&rsquo;appui) et refusant de se conformer \u00e0 l&rsquo;isolement voire \u00e0 se pr\u00e9senter en personne chez son m\u00e9decin traitant se contentant d&rsquo;envoyer sa maman chez lui avec son attestation de positivit\u00e9 en qu\u00eate d&rsquo;un traitement en ambulatoire chez elle et sur son lieu de travail qu&rsquo;elle n&rsquo;a pas quitt\u00e9 ! Comme raison avanc\u00e9e par la m\u00e8re du refus de sa fille de d\u00e9clarer sa maladie \u00e0 son employeur : Je ne veux pas qu&rsquo;elle devienne une vieille fille sans mari si d&rsquo;aventure la nouvelle de sa maladie venait \u00e0 \u00eatre \u00e9bruit\u00e9e et connue dans le quartier et dans sa soci\u00e9t\u00e9 ! Sans commentaire. <span class=\"Apple-converted-space\">\u00a0<\/span><\/span><\/p>\n<p class=\"p1 c6\"><span class=\"c3\">Les m\u00e9dias doivent rassurer la population et l&rsquo;inciter \u00e0 consulter au moindre sympt\u00f4me \u00e9voquant cette pathologie. En parall\u00e8le, l&rsquo;informer que la prise rapidement en charge de cette affection all\u00e8ge dans une grande mesure la port\u00e9e de ses r\u00e9percussions n\u00e9gatives. Une maladie qui n&rsquo;est pas de la terrible nocivit\u00e9 que l&rsquo;on croit et que les professionnels de la sant\u00e9 sont en mesure de juguler efficacement cette affaire pour peu que la prise en charge soit rapide.<\/span><\/p>\n<p class=\"p2 c5\">\u00a0<\/p>\n<p class=\"p3 c8\"><span class=\"c3\"><strong>M.S.R.<\/strong><\/span><\/p>\n<p>Auteur: letemps1<br \/>\n<a href=\"http:\/\/www.letemps.com.tn\/article\/117600\/covid-19-maladie-de-la-honte\">Cliquez ici pour lire l&rsquo;article depuis sa source.<\/a><\/p>\n","protected":false},"excerpt":{"rendered":"<p>LE TEMPS &#8211; Mohamed Sahbi RAMMAH Au bas du Certificat M\u00e9dical Pr\u00e9nuptial (CPN) que les futurs conjoints se doivent imp\u00e9rativement pr\u00e9senter \u00e0 qui de droit pour finaliser leur contrat de mariage, un texte de loi y figure en toute clart\u00e9: \u00a0\u00bb Toute personne, se sachant atteinte d&rsquo;une maladie transmissible et qui par son comportement concourt [&hellip;]<\/p>\n","protected":false},"author":1773,"featured_media":0,"comment_status":"closed","ping_status":"closed","sticky":false,"template":"","format":"standard","meta":{"fifu_image_url":"","fifu_image_alt":"","footnotes":""},"categories":[73,55],"tags":[],"class_list":["post-101804","post","type-post","status-publish","format-standard","hentry","category-actualite","category-tunisie"],"_links":{"self":[{"href":"https:\/\/linitiative.ca\/International\/wp-json\/wp\/v2\/posts\/101804","targetHints":{"allow":["GET"]}}],"collection":[{"href":"https:\/\/linitiative.ca\/International\/wp-json\/wp\/v2\/posts"}],"about":[{"href":"https:\/\/linitiative.ca\/International\/wp-json\/wp\/v2\/types\/post"}],"author":[{"embeddable":true,"href":"https:\/\/linitiative.ca\/International\/wp-json\/wp\/v2\/users\/1773"}],"replies":[{"embeddable":true,"href":"https:\/\/linitiative.ca\/International\/wp-json\/wp\/v2\/comments?post=101804"}],"version-history":[{"count":0,"href":"https:\/\/linitiative.ca\/International\/wp-json\/wp\/v2\/posts\/101804\/revisions"}],"wp:attachment":[{"href":"https:\/\/linitiative.ca\/International\/wp-json\/wp\/v2\/media?parent=101804"}],"wp:term":[{"taxonomy":"category","embeddable":true,"href":"https:\/\/linitiative.ca\/International\/wp-json\/wp\/v2\/categories?post=101804"},{"taxonomy":"post_tag","embeddable":true,"href":"https:\/\/linitiative.ca\/International\/wp-json\/wp\/v2\/tags?post=101804"}],"curies":[{"name":"wp","href":"https:\/\/api.w.org\/{rel}","templated":true}]}}