{"id":101806,"date":"2020-10-15T09:18:00","date_gmt":"2020-10-15T13:18:00","guid":{"rendered":"https:\/\/linitiative.ca\/International\/pas-seulement-incompetent-letat-perd-la-boule-et-devient-assassin\/"},"modified":"2020-10-15T09:18:00","modified_gmt":"2020-10-15T13:18:00","slug":"pas-seulement-incompetent-letat-perd-la-boule-et-devient-assassin","status":"publish","type":"post","link":"https:\/\/linitiative.ca\/International\/pas-seulement-incompetent-letat-perd-la-boule-et-devient-assassin\/","title":{"rendered":"Pas seulement incomp\u00e9tent, l\u2019Etat perd la \u00abboule\u00bb\u2026 et devient assassin !"},"content":{"rendered":"<p class=\"p1 c4\"><span class=\"c3\"><span class=\"s1 c2\"><strong>LE TEMPS &#8211; Slim BEN YOUSSEF<\/strong><\/span><\/span><\/p>\n<p class=\"p2 c5\"><span class=\"c3\"><strong>Bien trop annihilant pour un simple fait divers, la mort d\u2019un citoyen \u00e0 Sbeitla, suite \u00e0 la d\u00e9molition d\u2019un kiosque, dit \u00ab anarchique \u00bb, \u00e0 l\u2019int\u00e9rieur duquel il dormait, repr\u00e9sente une \u00e9ni\u00e8me goutte de trop, entre autres grosses gouttes qui se d\u00e9versent, d\u00e9cid\u00e9ment sans cesse, sur un vase, d\u00e9bordant d\u00e9j\u00e0 de toutes parts, depuis plusieurs ann\u00e9es. Bien au-del\u00e0 de la responsabilit\u00e9 \u00ab \u00e9tatique \u00bb, directe et flagrante, si ce n\u2019est de la fatale omission, \u00ab professionnelle \u00bb, qui a cout\u00e9 la vie \u00e0 ce citoyen, il est tout aussi question, par-dessus tout, de cette crise socio-\u00e9conomique, aigue et chronique, abattant le pays de fond en comble, et qui aura pouss\u00e9, de fait, ce quinquag\u00e9naire lambda dans ses derniers retranchements dont il a le secret, l\u2019acculant \u00e0 passer la nuit l\u00e0 o\u00f9 il ne devrait pourtant pas l\u2019\u00eatre\u2026<\/strong><\/span><\/p>\n<p class=\"p1 c6\"><span class=\"c3\">Pas plus tard que la semaine derni\u00e8re, recoupement oblige, l\u2019Etat tunisien avait d\u00e9j\u00e0 englouti dans ses \u00e9gouts une enfant de dix ans, \u00e0 Bhar Lazreg. La victime aidait sa m\u00e8re, une \u00abbarb\u00e9cha\u00bb, \u00e0 ramasser les bouteilles en plastique pour les revendre \u00e0 une usine de recyclage. Cette fois-ci, c\u2019est l\u2019Etat, personnifi\u00e9 par ses propres agents de d\u00e9molition, qui perd carr\u00e9ment sa boule (de d\u00e9molition ?) et qui se met \u00e0 tuer ses Citoyens \u00e0 coups de burin, de marteau et de brise b\u00e9ton.<span class=\"Apple-converted-space\">\u00a0<\/span><\/span><\/p>\n<p class=\"p2 c7\"><span class=\"c3\"><strong>D\u00e9molition \u00e0 boule vue !<\/strong><\/span><\/p>\n<p class=\"p1 c6\"><span class=\"c3\">La victime, d\u2019apr\u00e8s les t\u00e9moignages, est un p\u00e8re de famille quinquag\u00e9naire, \u00e9boueur le jour, et aidant son fils \u00e0 g\u00e9rer son kiosque \u00abanarchique\u00bb, la nuit. Une \u00abentreprise\u00bb, certes ill\u00e9gale d\u2019o\u00f9 la d\u00e9cision de d\u00e9molition, mais qui permettait, en r\u00e9alit\u00e9, \u00e0 la famille en question de survivre et de gagner son pain. C\u2019est dire qu\u2019entre le marteau et l\u2019enclume, ces gens-l\u00e0 n\u2019ont pas vraiment la possibilit\u00e9 de choisir\u2026<\/span><\/p>\n<p class=\"p1 c6\"><span class=\"c3\">Concr\u00e8tement, la d\u00e9molition de ce kiosque \u00abill\u00e9gal\u00bb, par les pouvoirs locaux, a caus\u00e9 la mort d\u2019un Citoyen qui dormait \u00e0 l\u2019int\u00e9rieur. Intervenues mardi \u00e0 l\u2019aube, les autorit\u00e9s charg\u00e9es de la d\u00e9molition ont tellement cherch\u00e9 \u00e0 m\u00e9nager l\u2019effet surprise, qu\u2019ils ont compl\u00e8tement oubli\u00e9 d\u2019\u00e9vacuer les lieux avant de lancer leur op\u00e9ration. Enormissime, l\u2019erreur a cout\u00e9 la vie d\u2019un citoyen, provoqu\u00e9 la col\u00e8re des Tunisiennes et des Tunisiens, et d\u00e9clench\u00e9 une s\u00e9rie de limogeages \u00e0 l\u2019\u00e9chelle locale et r\u00e9gionale. <span class=\"Apple-converted-space\">\u00a0<\/span><\/span><\/p>\n<p class=\"p1 c6\"><span class=\"c3\">Quelques heures apr\u00e8s l\u2019\u00abincident\u00bb, la nouvelle a provoqu\u00e9 des d\u00e9buts d&rsquo;\u00e9meute et de heurts entre les habitants et les forces de l&rsquo;ordre dans la ville de Sbe\u00eftla, qui ont dur\u00e9 toute la matin\u00e9e. A chaud, des routes ont \u00e9t\u00e9 bloqu\u00e9s, des pneus ont \u00e9t\u00e9 brul\u00e9s et un camion de la municipalit\u00e9 a \u00e9t\u00e9 m\u00eame incendi\u00e9 en guise de repr\u00e9sailles, par les manifestants locaux.<span class=\"Apple-converted-space\">\u00a0<\/span><\/span><\/p>\n<p class=\"p1 c6\"><span class=\"c3\">Des \u00ab\u00e9chauffour\u00e9es\u00bb qui ont oblig\u00e9 la Kasbah et le minist\u00e8re de l\u2019Int\u00e9rieur \u00e0 intervenir, sur le champ, pour calmer les ardeurs.<span class=\"Apple-converted-space\">\u00a0<\/span><\/span><\/p>\n<p class=\"p2 c7\"><span class=\"c3\"><strong>Effondrement social<span class=\"Apple-converted-space\">\u00a0<\/span><\/strong><\/span><\/p>\n<p class=\"p2 c7\"><span class=\"c3\"><strong>et \u00ab solutions \u00bb inefficaces<\/strong><\/span><\/p>\n<p class=\"p1 c6\"><span class=\"c3\">Le ministre de l\u2019Int\u00e9rieur, Taoufik Charfeddine, et celui des Affaires locales, Chokri Ben Hassen, ont \u00e9t\u00e9 \u00abd\u00e9p\u00each\u00e9s\u00bb sur les lieux \u00abafin d\u2019apporter l\u2019appui n\u00e9cessaire \u00e0 la famille de la victime, lit-on dans le communiqu\u00e9 de la pr\u00e9sidence du gouvernement. Comme d\u2019habitude, une enqu\u00eate a \u00e9t\u00e9 ouverte sur les circonstances de l\u2019incident : \u00abL\u2019opinion publique sera inform\u00e9e de ses r\u00e9sultats, le plus t\u00f4t possible\u00bb, promet la Kasbah.<\/span><\/p>\n<p class=\"p1 c6\"><span class=\"c3\">Pour sa part, le pr\u00e9sident de la R\u00e9publique, Ka\u00efs Sa\u00efed, n\u2019a pas manqu\u00e9 de r\u00e9agir, \u00e0 son tour. Recevant M\u00e9chichi \u00e0 Carthage, Sa\u00efed a appel\u00e9, dans un communiqu\u00e9 publi\u00e9 \u00e0 propos, \u00ab chaque partie \u00e0 assumer toutes ses responsabilit\u00e9s \u00bb, grondant que \u00ab la loi doit \u00eatre appliqu\u00e9e \u00e0 tous, quels que soient le poste et la responsabilit\u00e9 qui en incombe \u00bb. Dans son style d\u00e9sormais caract\u00e9ristique, le pr\u00e9sident de la R\u00e9publique a martel\u00e9 que \u00ab les crimes commis par ceux qui ont pill\u00e9 l&rsquo;argent du peuple pendant des d\u00e9cennies sont rest\u00e9s sur les tablettes des tribunaux sans poursuites ni sanctions efficaces \u00bb.<span class=\"Apple-converted-space\">\u00a0<\/span><\/span><\/p>\n<p class=\"p1 c6\"><span class=\"c3\">Malgr\u00e9 la vague de limogeage des dirigeants locaux, et en d\u00e9pit de l\u2019envol\u00e9e lyrico-populiste du Pr\u00e9sident, les affrontements entre manifestants et forces de l\u2019ordre se sont poursuivis, d\u2019apr\u00e8s les t\u00e9moignages, dans la nuit du mardi au mercredi. Matraque et gaz lacrymog\u00e8ne d\u2019un c\u00f4t\u00e9, slogans \u00abanti-Etat\u00bb et jet de pierre de l\u2019autre. Preuve que les dirigeants de ce pays n\u2019ont d\u00e9cid\u00e9ment rien compris.<span class=\"Apple-converted-space\">\u00a0<\/span><\/span><\/p>\n<p class=\"p1 c6\"><span class=\"c3\">Le probl\u00e8me d\u00e9passe la \u00absimple\u00bb erreur professionnelle et encore moins le simple fait de d\u00e9signer un coupable et le mettre en prison. Il s\u2019agit, plut\u00f4t, du comble d\u2019une crise socio-\u00e9conomique qui d\u00e9vale par torrents aussi bien dans les profondeurs du pays que sur ses fa\u00e7ades. Une crise que ces m\u00eames dirigeants n\u2019ont pas manqu\u00e9 d\u2019alimenter au fil des ann\u00e9es, corruption, incomp\u00e9tence et amateurisme politique obligent.<\/span><\/p>\n<p class=\"p3 c8\"><span class=\"c3\"><strong>S.B.Y.<\/strong><\/span><\/p>\n<p>Auteur: letemps1<br \/>\n<a href=\"http:\/\/www.letemps.com.tn\/article\/117602\/pas-seulement-incomp%C3%A9tent-l%E2%80%99etat-perd-la-%C2%ABboule%C2%BB%E2%80%A6-et-devient-assassin\">Cliquez ici pour lire l&rsquo;article depuis sa source.<\/a><\/p>\n","protected":false},"excerpt":{"rendered":"<p>LE TEMPS &#8211; Slim BEN YOUSSEF Bien trop annihilant pour un simple fait divers, la mort d\u2019un citoyen \u00e0 Sbeitla, suite \u00e0 la d\u00e9molition d\u2019un kiosque, dit \u00ab anarchique \u00bb, \u00e0 l\u2019int\u00e9rieur duquel il dormait, repr\u00e9sente une \u00e9ni\u00e8me goutte de trop, entre autres grosses gouttes qui se d\u00e9versent, d\u00e9cid\u00e9ment sans cesse, sur un vase, d\u00e9bordant [&hellip;]<\/p>\n","protected":false},"author":1773,"featured_media":0,"comment_status":"closed","ping_status":"closed","sticky":false,"template":"","format":"standard","meta":{"fifu_image_url":"","fifu_image_alt":"","footnotes":""},"categories":[73,55],"tags":[],"class_list":["post-101806","post","type-post","status-publish","format-standard","hentry","category-actualite","category-tunisie"],"_links":{"self":[{"href":"https:\/\/linitiative.ca\/International\/wp-json\/wp\/v2\/posts\/101806","targetHints":{"allow":["GET"]}}],"collection":[{"href":"https:\/\/linitiative.ca\/International\/wp-json\/wp\/v2\/posts"}],"about":[{"href":"https:\/\/linitiative.ca\/International\/wp-json\/wp\/v2\/types\/post"}],"author":[{"embeddable":true,"href":"https:\/\/linitiative.ca\/International\/wp-json\/wp\/v2\/users\/1773"}],"replies":[{"embeddable":true,"href":"https:\/\/linitiative.ca\/International\/wp-json\/wp\/v2\/comments?post=101806"}],"version-history":[{"count":0,"href":"https:\/\/linitiative.ca\/International\/wp-json\/wp\/v2\/posts\/101806\/revisions"}],"wp:attachment":[{"href":"https:\/\/linitiative.ca\/International\/wp-json\/wp\/v2\/media?parent=101806"}],"wp:term":[{"taxonomy":"category","embeddable":true,"href":"https:\/\/linitiative.ca\/International\/wp-json\/wp\/v2\/categories?post=101806"},{"taxonomy":"post_tag","embeddable":true,"href":"https:\/\/linitiative.ca\/International\/wp-json\/wp\/v2\/tags?post=101806"}],"curies":[{"name":"wp","href":"https:\/\/api.w.org\/{rel}","templated":true}]}}