{"id":101827,"date":"2020-10-15T15:38:28","date_gmt":"2020-10-15T19:38:28","guid":{"rendered":"https:\/\/linitiative.ca\/International\/eradication-de-1624-constructions-precaires-a-sidi-bel-abbes-plusieurs-assiettes-foncieres-recuperees\/"},"modified":"2020-10-15T15:38:28","modified_gmt":"2020-10-15T19:38:28","slug":"eradication-de-1624-constructions-precaires-a-sidi-bel-abbes-plusieurs-assiettes-foncieres-recuperees","status":"publish","type":"post","link":"https:\/\/linitiative.ca\/International\/eradication-de-1624-constructions-precaires-a-sidi-bel-abbes-plusieurs-assiettes-foncieres-recuperees\/","title":{"rendered":"ERADICATION DE 1624  CONSTRUCTIONS PRECAIRES A SIDI BEL ABBES : Plusieurs assiettes fonci\u00e8res r\u00e9cup\u00e9r\u00e9es"},"content":{"rendered":"<p><br id=\"sep_para_1\" class=\"sep_para access\"\/><\/p>\n<div id=\"para_1\" class=\"para_39013283 resize\">\n<div class=\"texte access firstletter\">Plusieurs assiettes fonci\u00e8res, environ 18 selon une source autoris\u00e9e, ont \u00e9t\u00e9 r\u00e9cup\u00e9r\u00e9es ces derniers jours par les services concern\u00e9s, suite aux op\u00e9rations d&rsquo;\u00e9radication de 1624 constructions pr\u00e9caires dont 1002 habitations illicites, sises dans les quatre coins de la ville. 1300\u00a0 familles ont donc \u00e9t\u00e9 relog\u00e9es, en vertu de la r\u00e9glementation dans des logements d\u00e9cents des nouveaux p\u00f4les urbains de Sidi Bel Abb\u00e8s ou Tilmouni. 11 assiettes fonci\u00e8res feraient d&rsquo;ores et d\u00e9j\u00e0 l&rsquo;objet d&rsquo;une \u00e9tude appropri\u00e9e, dans le but d&rsquo;\u00eatre r\u00e9cup\u00e9r\u00e9es par l&rsquo;APC, ajoute la m\u00eame source. Les membres de la soci\u00e9t\u00e9 civile et autres citoyens de Sidi Bel Abb\u00e8s souhaitent que ces \u00a0\u00bblots de terrain\u00a0\u00bb vagues, r\u00e9cup\u00e9r\u00e9s suite \u00e0 la d\u00e9molition des centaines de constructions illicites ou mena\u00e7ant ruine, soient destin\u00e9s \u00e0 la r\u00e9alisation de projets d&rsquo;int\u00e9r\u00eat public mais aussi d&rsquo;espaces verts, lieux de d\u00e9tente, ou \u00e9tablissements scolaires de diff\u00e9rents cycles.\u00a0\u00a0\u00a0\u00a0\u00a0<\/div>\n<\/div>\n<p>Auteur: Noui Moussa<br \/>\n<a href=\"https:\/\/www.reflexiondz.net\/ERADICATION-DE-1624-CONSTRUCTIONS-PRECAIRES-A-SIDI-BEL-ABBES-Plusieurs-assiettes-foncieres-recuperees_a65771.html\">Cliquez ici pour lire l&rsquo;article depuis sa source.<\/a><\/p>\n","protected":false},"excerpt":{"rendered":"<p>Plusieurs assiettes fonci\u00e8res, environ 18 selon une source autoris\u00e9e, ont \u00e9t\u00e9 r\u00e9cup\u00e9r\u00e9es ces derniers jours par les services concern\u00e9s, suite aux op\u00e9rations d&rsquo;\u00e9radication de 1624 constructions pr\u00e9caires dont 1002 habitations illicites, sises dans les quatre coins de la ville. 1300\u00a0 familles ont donc \u00e9t\u00e9 relog\u00e9es, en vertu de la r\u00e9glementation dans des logements d\u00e9cents des [&hellip;]<\/p>\n","protected":false},"author":1740,"featured_media":0,"comment_status":"closed","ping_status":"closed","sticky":false,"template":"","format":"standard","meta":{"fifu_image_url":"","fifu_image_alt":"","footnotes":""},"categories":[53,76],"tags":[],"class_list":["post-101827","post","type-post","status-publish","format-standard","hentry","category-algerie","category-regions"],"_links":{"self":[{"href":"https:\/\/linitiative.ca\/International\/wp-json\/wp\/v2\/posts\/101827","targetHints":{"allow":["GET"]}}],"collection":[{"href":"https:\/\/linitiative.ca\/International\/wp-json\/wp\/v2\/posts"}],"about":[{"href":"https:\/\/linitiative.ca\/International\/wp-json\/wp\/v2\/types\/post"}],"author":[{"embeddable":true,"href":"https:\/\/linitiative.ca\/International\/wp-json\/wp\/v2\/users\/1740"}],"replies":[{"embeddable":true,"href":"https:\/\/linitiative.ca\/International\/wp-json\/wp\/v2\/comments?post=101827"}],"version-history":[{"count":0,"href":"https:\/\/linitiative.ca\/International\/wp-json\/wp\/v2\/posts\/101827\/revisions"}],"wp:attachment":[{"href":"https:\/\/linitiative.ca\/International\/wp-json\/wp\/v2\/media?parent=101827"}],"wp:term":[{"taxonomy":"category","embeddable":true,"href":"https:\/\/linitiative.ca\/International\/wp-json\/wp\/v2\/categories?post=101827"},{"taxonomy":"post_tag","embeddable":true,"href":"https:\/\/linitiative.ca\/International\/wp-json\/wp\/v2\/tags?post=101827"}],"curies":[{"name":"wp","href":"https:\/\/api.w.org\/{rel}","templated":true}]}}