{"id":101828,"date":"2020-10-15T15:38:31","date_gmt":"2020-10-15T19:38:31","guid":{"rendered":"https:\/\/linitiative.ca\/International\/amar-ghoul-plaide-son-innocence\/"},"modified":"2020-10-15T15:38:31","modified_gmt":"2020-10-15T19:38:31","slug":"amar-ghoul-plaide-son-innocence","status":"publish","type":"post","link":"https:\/\/linitiative.ca\/International\/amar-ghoul-plaide-son-innocence\/","title":{"rendered":"Amar Ghoul  plaide son innocence"},"content":{"rendered":"<p><br id=\"sep_para_1\" class=\"sep_para access\"\/><\/p>\n<div id=\"para_1\" class=\"para_39013460 resize\">\n<div class=\"texte access firstletter\">Au troisi\u00e8me jour du proc\u00e8s en appel de l\u2019homme d\u2019affaires Ali Haddad, qui se poursuit mardi\u00a0 \u00e0 la Cour d\u2019Alger, c\u2019est le passage de\u00a0 Amar Ghoul \u00e0 la barre qui a polaris\u00e9 l\u2019attention de la salle d\u2019audience.\u00a0 \u00ab Vous \u00eates le maitre de\u00a0 c\u00e9r\u00e9monie (Moul El a\u00e2rs), lui lance, un brin provocateur, le procureur\u00a0 qui l\u2019interrogeait sur \u00ab le projet du si\u00e8cle\u00a0\u00bb, l\u2019autoroute Est\/Ouest et les privil\u00e8ges accord\u00e9s par ses soins\u00a0 \u00e0 Ali Haddad. \u00ab\u00a0Tous les contrats ont obtenu l&rsquo;aval de la Commission des march\u00e9s du minist\u00e8re des Finances, je n&rsquo;ai accord\u00e9 aucun privil\u00e8ge au groupe Haddad, je n&rsquo;ai fait qu&rsquo;appliquer \u00e0 la lettre les instructions du Premier ministre et les orientations du pr\u00e9sident de la R\u00e9publique qui insistait sur la n\u00e9cessit\u00e9 d&rsquo;acc\u00e9l\u00e9rer la cadence des travaux \u00e0 caract\u00e8re social\u00a0\u00bb, r\u00e9plique t-il \u00ab A mon \u00e9poque, en tant que ministre, il y a eu pas moins de 5.000 projets et seuls deux projets sont octroy\u00e9s \u00e0 Ali Haddad contre 13 autoroutes attribu\u00e9es selon la formule de simple gr\u00e9 \u00e0 gr\u00e9 \u00e0 des entreprises publiques et priv\u00e9es \u00bb, ajoute t-il.\u00a0\u00a0<\/div>\n<\/div>\n<p>Auteur: R\u00e9flexion<br \/>\n<a href=\"https:\/\/www.reflexiondz.net\/Amar-Ghoul-plaide-son-innocence_a65788.html\">Cliquez ici pour lire l&rsquo;article depuis sa source.<\/a><\/p>\n","protected":false},"excerpt":{"rendered":"<p>Au troisi\u00e8me jour du proc\u00e8s en appel de l\u2019homme d\u2019affaires Ali Haddad, qui se poursuit mardi\u00a0 \u00e0 la Cour d\u2019Alger, c\u2019est le passage de\u00a0 Amar Ghoul \u00e0 la barre qui a polaris\u00e9 l\u2019attention de la salle d\u2019audience.\u00a0 \u00ab Vous \u00eates le maitre de\u00a0 c\u00e9r\u00e9monie (Moul El a\u00e2rs), lui lance, un brin provocateur, le procureur\u00a0 qui [&hellip;]<\/p>\n","protected":false},"author":1740,"featured_media":0,"comment_status":"closed","ping_status":"closed","sticky":false,"template":"","format":"standard","meta":{"fifu_image_url":"","fifu_image_alt":"","footnotes":""},"categories":[53,76],"tags":[],"class_list":["post-101828","post","type-post","status-publish","format-standard","hentry","category-algerie","category-regions"],"_links":{"self":[{"href":"https:\/\/linitiative.ca\/International\/wp-json\/wp\/v2\/posts\/101828","targetHints":{"allow":["GET"]}}],"collection":[{"href":"https:\/\/linitiative.ca\/International\/wp-json\/wp\/v2\/posts"}],"about":[{"href":"https:\/\/linitiative.ca\/International\/wp-json\/wp\/v2\/types\/post"}],"author":[{"embeddable":true,"href":"https:\/\/linitiative.ca\/International\/wp-json\/wp\/v2\/users\/1740"}],"replies":[{"embeddable":true,"href":"https:\/\/linitiative.ca\/International\/wp-json\/wp\/v2\/comments?post=101828"}],"version-history":[{"count":0,"href":"https:\/\/linitiative.ca\/International\/wp-json\/wp\/v2\/posts\/101828\/revisions"}],"wp:attachment":[{"href":"https:\/\/linitiative.ca\/International\/wp-json\/wp\/v2\/media?parent=101828"}],"wp:term":[{"taxonomy":"category","embeddable":true,"href":"https:\/\/linitiative.ca\/International\/wp-json\/wp\/v2\/categories?post=101828"},{"taxonomy":"post_tag","embeddable":true,"href":"https:\/\/linitiative.ca\/International\/wp-json\/wp\/v2\/tags?post=101828"}],"curies":[{"name":"wp","href":"https:\/\/api.w.org\/{rel}","templated":true}]}}