{"id":101830,"date":"2020-10-15T06:01:50","date_gmt":"2020-10-15T10:01:50","guid":{"rendered":"https:\/\/linitiative.ca\/International\/bilan-des-cas-confirmes-de-coronavirus-la-hausse-se-poursuit-pour-le-3e-jour-consecutif\/"},"modified":"2020-10-15T06:01:50","modified_gmt":"2020-10-15T10:01:50","slug":"bilan-des-cas-confirmes-de-coronavirus-la-hausse-se-poursuit-pour-le-3e-jour-consecutif","status":"publish","type":"post","link":"https:\/\/linitiative.ca\/International\/bilan-des-cas-confirmes-de-coronavirus-la-hausse-se-poursuit-pour-le-3e-jour-consecutif\/","title":{"rendered":"Bilan des cas confirm\u00e9s de coronavirus : La hausse se poursuit pour le 3e jour cons\u00e9cutif"},"content":{"rendered":"<h4 class=\"title-14\"\/>\n<p class=\"p4\"><span class=\"s3\"><strong>L<\/strong><\/span><span class=\"s3\">e bilan de cas confirm\u00e9s de Covid-19 en Alg\u00e9rie repart \u00e0 la hausse, c\u2019est le troisi\u00e8me jour cons\u00e9cutif d\u2019augmentation, selon les chiffres officiels rendus publics par le D<sup>r<\/sup> Djamel Fourar, porte-parole du Comit\u00e9 scientifique de suivi de l\u2019\u00e9volution de la pand\u00e9mie du Covid-19.<\/span><\/p>\n<p class=\"p5\"><span class=\"s3\">Dans ce contexte, il a \u00e9t\u00e9 enregistr\u00e9 hier 185 nouveaux cas confirm\u00e9s, 111 gu\u00e9risons et 9 d\u00e9c\u00e8s. Mardi dernier, 174 nouveaux cas contamin\u00e9s ont \u00e9t\u00e9 annonc\u00e9s et lundi dernier, il \u00e9tait question de 153 cas confirm\u00e9s.<\/span><\/p>\n<p class=\"p5\"><span class=\"s3\">Les Alg\u00e9riens redoutent une augmentation encore plus spectaculaire dans les prochains jours, surtout avec la r\u00e9ouverture des \u00e9coles et des universit\u00e9s. Une aggravation de la situation sanitaire aura des impacts non seulement sur la vie sociale, mais aussi sur les activit\u00e9s \u00e9conomiques du pays.<\/span><\/p>\n<p class=\"p5\"><span class=\"s3\">Jusqu\u2019\u00e0 pr\u00e9sent, les entreprises ont tout fait pour survivre, mais beaucoup ne pourront plus supporter davantage, particuli\u00e8rement les petits m\u00e9tiers, les h\u00f4teliers, les restaurateurs et les artisans. Le retour au confinement sera v\u00e9cu comme un drame.<\/span><\/p>\n<p class=\"p5\"><span class=\"s3\">Certains minimisent la crise sanitaire et parlent de <em>\u00abl\u00e9g\u00e8re remont\u00e9e\u00bb<\/em> probablement pour \u00e9viter un climat anxiog\u00e8ne, d\u2019autres par contre de \u00e9voquent une <em>\u00abhausse du nombre de cas\u00bb<\/em> au moment o\u00f9 d\u2019autres sp\u00e9cialistes pr\u00e9f\u00e8rent employer carr\u00e9ment le terme de <em>\u00abrebond\u00bb<\/em>.<\/span><\/p>\n<p class=\"p5\"><span class=\"s3\">Alors que l\u2019on se demandait, il y a quelques semaines, si les temp\u00e9ratures estivales pourraient ralentir la pand\u00e9mie, la question est d\u00e9sormais de savoir si la Covid-19 va se r\u00e9v\u00e9ler plus dangereuse en automne et surtout avec l\u2019arriv\u00e9e de l\u2019hiver, \u00e0 l\u2019image des principaux virus respiratoires, responsables du rhume ou encore de la grippe saisonni\u00e8re.<\/span><\/p>\n<p class=\"p5\"><span class=\"s3\"><em>\u00abContrairement au virus de la grippe qui change tous les ans, les coronavirus sont tr\u00e8s stables. Pour l\u2019heure, il n\u2019y a pas d\u2019\u00e9l\u00e9ments qui nous donnent l\u2019impression que la nature du virus va \u00e9voluer avec la baisse des temp\u00e9ratures\u00bb<\/em>, souligne un sp\u00e9cialiste.<\/span><\/p>\n<p class=\"p5\"><span class=\"s3\">La virulence du virus est li\u00e9e \u00e0 la dose infectieuse, plus elle sera importante au moment de la contamination, plus le syst\u00e8me immunitaire sera faible, et plus il y aura de risques de d\u00e9velopper une forme s\u00e9v\u00e8re d\u2019infection Covid-19.<\/span><\/p>\n<p class=\"p5\"><span class=\"s3\">Les espaces confin\u00e9s et peu ventil\u00e9s en hiver et la baisse de temp\u00e9rature peuvent contribuer \u00e0 l\u2019augmentation des cas, car les gouttelettes sont plus stables, elles vont s\u2019\u00e9vaporer moins vite et \u00eatre plus grosses.<\/span><\/p>\n<p class=\"p5\"><span class=\"s3\">L\u2019augmentation de cas en Alg\u00e9rie est expliqu\u00e9e par la lev\u00e9e partielle du confinement, la r\u00e9ouverture des commerces et la reprise de quelques moyens de transport. Le chef du service r\u00e9animation au CNMS avait d\u00e9j\u00e0 mis en cause <em>\u00abla frange juv\u00e9nile quant au non-respect des mesures barri\u00e8res\u00bb<\/em>.<\/span><\/p>\n<p class=\"p5\"><span class=\"s3\">Il y a une esp\u00e8ce de d\u00e9ni de cette Covid-19 chez une partie de la population qui reste convaincue que cette maladie n\u2019existe pas, ou du moins que sa gravit\u00e9 est exag\u00e9r\u00e9e. Par leurs d\u00e9placements, de quartier en quartier, les jeunes font circuler le virus.<\/span><\/p>\n<p class=\"p5\"><span class=\"s3\">Il faut plus que jamais appliquer les mesures de fa\u00e7on drastique et rigoureuse\u00a0: port du masque, distanciation sociale et lavage des mains. Le docteur Mohamed Bekkat Berkani avait estim\u00e9, d\u00e9but octobre, que <em>\u00abl\u2019Alg\u00e9rie est \u00e0 l\u2019abri d\u2019une seconde vague de Covid-19\u00bb<\/em>, contrairement \u00e0 ce qui se passe actuellement dans plusieurs pays.<\/span><\/p>\n<p class=\"p5\"><span class=\"s3\">Il r\u00e9v\u00e8le que cette fluctuation \u00e9tait pr\u00e9visible. Pour l\u2019heure, il n\u2019y a pas de quoi s\u2019affoler selon lui. N\u00e9anmoins, le fait de persister dans le non-respect du port du masque et autres gestes de pr\u00e9vention, la hausse s\u2019installera dans le temps.\u00a0<\/span><\/p>\n<p><span class=\"post-views-label\">Post Views:<\/span> <span class=\"post-views-count\">1\u00a0076<\/span><\/p>\n<div class=\"ichhar-moneytagnative c6\" id=\"ichhar-1690839255\">\n<p>Advertisements<\/p>\n<\/div>\n<p><br class=\"c2\"\/><br class=\"c7\"\/><\/p>\n<p>Auteur: Anis Khecheba<br \/>\n<a href=\"https:\/\/www.elwatan.com\/edition\/actualite\/la-hausse-se-poursuit-pour-le-3e-jour-consecutif-15-10-2020\">Cliquez ici pour lire l&rsquo;article depuis sa source.<\/a><\/p>\n","protected":false},"excerpt":{"rendered":"<p>Le bilan de cas confirm\u00e9s de Covid-19 en Alg\u00e9rie repart \u00e0 la hausse, c\u2019est le troisi\u00e8me jour cons\u00e9cutif d\u2019augmentation, selon les chiffres officiels rendus publics par le Dr Djamel Fourar, porte-parole du Comit\u00e9 scientifique de suivi de l\u2019\u00e9volution de la pand\u00e9mie du Covid-19. Dans ce contexte, il a \u00e9t\u00e9 enregistr\u00e9 hier 185 nouveaux cas confirm\u00e9s, [&hellip;]<\/p>\n","protected":false},"author":1743,"featured_media":0,"comment_status":"closed","ping_status":"closed","sticky":false,"template":"","format":"standard","meta":{"fifu_image_url":"","fifu_image_alt":"","footnotes":""},"categories":[73,53],"tags":[],"class_list":["post-101830","post","type-post","status-publish","format-standard","hentry","category-actualite","category-algerie"],"_links":{"self":[{"href":"https:\/\/linitiative.ca\/International\/wp-json\/wp\/v2\/posts\/101830","targetHints":{"allow":["GET"]}}],"collection":[{"href":"https:\/\/linitiative.ca\/International\/wp-json\/wp\/v2\/posts"}],"about":[{"href":"https:\/\/linitiative.ca\/International\/wp-json\/wp\/v2\/types\/post"}],"author":[{"embeddable":true,"href":"https:\/\/linitiative.ca\/International\/wp-json\/wp\/v2\/users\/1743"}],"replies":[{"embeddable":true,"href":"https:\/\/linitiative.ca\/International\/wp-json\/wp\/v2\/comments?post=101830"}],"version-history":[{"count":0,"href":"https:\/\/linitiative.ca\/International\/wp-json\/wp\/v2\/posts\/101830\/revisions"}],"wp:attachment":[{"href":"https:\/\/linitiative.ca\/International\/wp-json\/wp\/v2\/media?parent=101830"}],"wp:term":[{"taxonomy":"category","embeddable":true,"href":"https:\/\/linitiative.ca\/International\/wp-json\/wp\/v2\/categories?post=101830"},{"taxonomy":"post_tag","embeddable":true,"href":"https:\/\/linitiative.ca\/International\/wp-json\/wp\/v2\/tags?post=101830"}],"curies":[{"name":"wp","href":"https:\/\/api.w.org\/{rel}","templated":true}]}}