{"id":101835,"date":"2020-10-15T06:04:27","date_gmt":"2020-10-15T10:04:27","guid":{"rendered":"https:\/\/linitiative.ca\/International\/lexamen-a-enregistre-5530-de-reussite-le-bac-au-bout-dune-annee-dincertitude\/"},"modified":"2020-10-15T06:04:27","modified_gmt":"2020-10-15T10:04:27","slug":"lexamen-a-enregistre-5530-de-reussite-le-bac-au-bout-dune-annee-dincertitude","status":"publish","type":"post","link":"https:\/\/linitiative.ca\/International\/lexamen-a-enregistre-5530-de-reussite-le-bac-au-bout-dune-annee-dincertitude\/","title":{"rendered":"L\u2019examen a enregistr\u00e9 55,30% de r\u00e9ussite : Le bac au bout d\u2019une ann\u00e9e d\u2019incertitude"},"content":{"rendered":"<h4 class=\"title-14\"\/>\n<div class=\"featured_image\"><img loading=\"lazy\" decoding=\"async\" width=\"800\" height=\"533\" src=\"https:\/\/www.elwatan.com\/wp-content\/uploads\/2020\/10\/BAC-1.jpg\" class=\"attachment-post-thumbnail size-post-thumbnail wp-post-image\" alt=\"\" srcset=\"https:\/\/www.elwatan.com\/wp-content\/uploads\/2020\/10\/BAC-1.jpg 800w, https:\/\/www.elwatan.com\/wp-content\/uploads\/2020\/10\/BAC-1-300x200.jpg 300w, https:\/\/www.elwatan.com\/wp-content\/uploads\/2020\/10\/BAC-1-768x512.jpg 768w\" sizes=\"auto, (max-width: 800px) 100vw, 800px\"\/><\/div>\n<p class=\"p4\"><span class=\"s3\"><strong>Pr\u00e9vus initialement pour la derni\u00e8re semaine de ce mois d\u2019octobre, les r\u00e9sultats du baccalaur\u00e9at ont \u00e9t\u00e9 d\u00e9voil\u00e9s hier mercredi. Malgr\u00e9 la baisse de la moyenne \u00e0 9\/20, le taux de r\u00e9ussite au niveau national n\u2019a pas atteint les 56%.<\/strong><\/span><\/p>\n<p class=\"p4\"><span class=\"s3\"><strong>A<\/strong><\/span><span class=\"s3\">vec l\u2019annonce des r\u00e9sultats, le baccalaur\u00e9at au titre de la session 2019-2020 est bien fini. Le minist\u00e8re de l\u2019Education nationale a annonc\u00e9, dans la soir\u00e9e d\u2019avant-hier, que le taux de r\u00e9ussite au niveau national \u00e9tait de 55,30% contre 57% l\u2019ann\u00e9e pr\u00e9c\u00e9dente. Par fili\u00e8res, ce sont les matheux qui sont en haut du podium avec un taux de r\u00e9ussite de 80,22%.<\/span><\/p>\n<p class=\"p7\"><span class=\"s3\">Ils sont suivis par ceux des langues \u00e9trang\u00e8res avec un taux de 67,78%, de technique math\u00e9matique avec 58,48%, sciences exp\u00e9rimentales avec 56,97%, puis ceux de la fili\u00e8re litt\u00e9raire et philosophie avec un taux de 52,60%.<\/span><\/p>\n<p class=\"p7\"><span class=\"s3\">Ceux de la gestion et \u00e9conomie sont \u00e0 la tra\u00eene avec 38,09%. Une grande affluence sur les diff\u00e9rents canaux mis \u00e0 la disposition des candidats pour conna\u00eetre les r\u00e9sultats a \u00e9t\u00e9 constat\u00e9e d\u00e8s les premi\u00e8res heures de l\u2019apr\u00e8s-midi. Pour rappel, les r\u00e9sultats \u00e9taient diffus\u00e9s sur le site de l\u2019Office national des examens et concours (ONEC), par SMS sur *567# \u00e0 travers tous les op\u00e9rateurs de t\u00e9l\u00e9phonie mobile.<\/span><\/p>\n<p class=\"p7\"><span class=\"s3\">Pour la premi\u00e8re fois, les r\u00e9sultats des laur\u00e9ats scolaris\u00e9s ont \u00e9galement \u00e9t\u00e9 publi\u00e9s sur la Cha\u00eene du Savoir (Ma\u00e2rifa) de la T\u00e9l\u00e9vision nationale ainsi que sur le site \u00e9lectronique d\u00e9di\u00e9 aux parents d\u2019\u00e9l\u00e8ves.<\/span><\/p>\n<p class=\"p7\"><span class=\"s3\">Avec ces diff\u00e9rents taux estim\u00e9s tr\u00e8s faibles, la r\u00e9vision \u00e0 la baisse de la moyenne de r\u00e9ussite est expliqu\u00e9e. L\u2019explication donn\u00e9e par les experts, \u00e0 savoir rabaisser la moyenne pour gonfler le taux de r\u00e9ussite, est confirm\u00e9e.<\/span><\/p>\n<p class=\"p7\"><span class=\"s3\">Au milieu de la joie des nouveaux bacheliers et de la d\u00e9ception de ceux qui ont \u00e9chou\u00e9 cette ann\u00e9e, les r\u00e9actions des professionnels du secteur n\u2019ont pas cess\u00e9. <em>\u00abNous nous attendions \u00e0 un r\u00e9sultat beaucoup plus important que 53%, surtout que les \u00e9l\u00e8ves \u00e9taient examin\u00e9s sur deux trimestres avec 6 mois de r\u00e9vision et une moyenne d\u2019admission r\u00e9duite \u00e0 9\/20.<\/em><\/span><\/p>\n<p class=\"p7\"><span class=\"s3\"><em>Cela ne peut \u00eatre expliqu\u00e9 que par un d\u00e9crochage des \u00e9l\u00e8ves qui malheureusement n\u2019ont pas trouv\u00e9 d\u2019encadrement des parents et de la tutelle\u00bb,<\/em> a d\u00e9clar\u00e9 Meziane Meriane, coordinateur national du Syndicat des professeurs de l\u2019enseignement secondaire et technique (Snapeste).<\/span><\/p>\n<p class=\"p7\"><span class=\"s3\">C\u2019est pratiquement le m\u00eame avis de Boualem Amoura, secr\u00e9taire g\u00e9n\u00e9ral du Syndicat autonome des travailleurs de l\u2019\u00e9ducation et de la formation (Satef), qui consid\u00e8re que ces chiffres ne refl\u00e8tent pas le niveau des \u00e9l\u00e8ves. <em>\u00abLa d\u00e9cision politique de rabaisser la moyenne de r\u00e9ussite \u00e0 9\/20 n\u2019a pas fait des miracles. Le niveau de nos \u00e9l\u00e8ves est le m\u00eame, pour ne pas dire pire.<\/em><\/span><\/p>\n<p class=\"p7\"><span class=\"s3\"><em>Le probl\u00e8me est plus profond qu\u2019il ne para\u00eet\u00bb,<\/em> souligne-t-il. Idem pour Yacine Ouelmouhoub, secr\u00e9taire national du Syndicat des inspecteurs de l\u2019\u00e9ducation nationale (SIEN), qui appelle les hautes autorit\u00e9s du pays \u00e0 trouver la solution pour hisser le niveau de l\u2019enseignement, en organisant v\u00e9ritablement de l\u2019\u00e9cole loin du populisme.<\/span><\/p>\n<p class=\"p7\"><span class=\"s3\">Pour Missoum Abdelkader, formateur \u00e0 l\u2019Institut national de formation du personnel de l\u2019\u00e9ducation et expert de la question \u00e9ducative, c\u2019est tout le syst\u00e8me du baccalaur\u00e9at qui doit faire l\u2019objet de r\u00e9vision.<\/span><\/p>\n<p class=\"p7\"><span class=\"s3\"><em>\u00abLa loi d\u2019orientation pr\u00e9voit un taux de r\u00e9ussite de 70%. Durant toutes ces ann\u00e9es, nous n\u2019avons jamais atteint ce taux pour plusieurs facteurs, dont les conditions de scolarit\u00e9 et la difficult\u00e9 des sujets.<\/em><\/span><\/p>\n<p class=\"p7\"><span class=\"s3\"><em>Cette ann\u00e9e encore, nous avons plusieurs autres facteurs dont justement le confinement et l\u2019impact de cette pand\u00e9mie sur les \u00e9l\u00e8ves, dont certains en ont \u00e9t\u00e9 atteints\u00bb<\/em>, constate notre interlocuteur qui souligne que la baisse de la moyenne de r\u00e9ussite au bac n\u2019est pas un rachat mais une admission d\u2019office.<\/span><\/p>\n<p class=\"p7\"><span class=\"s3\">Le rachat signifie, selon ses propos, la mise en place d\u2019une commission de d\u00e9lib\u00e9ration qui prend en consid\u00e9ration le parcours scolaire de l\u2019\u00e9l\u00e8ve durant l\u2019ann\u00e9e.<\/span><\/p>\n<p class=\"p7\"><span class=\"s3\">Chose qui n\u2019a pas \u00e9t\u00e9 faite cette ann\u00e9e. Saluant, tout de m\u00eame, les efforts consentis par les autorit\u00e9s en cette p\u00e9riode critique, il estime qu\u2019il est grand temps de revoir tout ce syst\u00e8me d\u2019\u00e9valuation de ces 12 ann\u00e9es de scolarit\u00e9 et aussi les syst\u00e8mes d\u2019apprentissage et de scolarit\u00e9 des \u00e9l\u00e8ves. Un avis partag\u00e9 par d\u2019autres experts qui appellent \u00e0 l\u2019ouverture de nouvelles passerelles pour les \u00e9l\u00e8ves qui ont \u00e9chou\u00e9 \u00e0 cet examen.<\/span><\/p>\n<p class=\"p7\"><span class=\"s3\">Ils appellent \u00e9galement \u00e0 prendre en consid\u00e9ration le cursus scolaire des \u00e9l\u00e8ves depuis le BEM et tout au long de la p\u00e9riode du secondaire. Cela permettrait, selon eux, de responsabiliser l\u2019\u00e9l\u00e8ve, le motiver \u00e0 mieux travailler durant l\u2019ann\u00e9e et surtout lui donner la chance de se rattraper par ses efforts fournis en dehors des 4 ou 5 jours d\u2019examen.<\/span><\/p>\n<p><span class=\"post-views-label\">Post Views:<\/span> <span class=\"post-views-count\">922<\/span><\/p>\n<div class=\"ichhar-moneytagnative c6\" id=\"ichhar-106042684\">\n<p>Advertisements<\/p>\n<\/div>\n<p><br class=\"c2\"\/><br class=\"c7\"\/><\/p>\n<p>Auteur: Anis Khecheba<br \/>\n<a href=\"https:\/\/www.elwatan.com\/edition\/actualite\/le-bac-au-bout-dune-annee-dincertitude-15-10-2020\">Cliquez ici pour lire l&rsquo;article depuis sa source.<\/a><\/p>\n","protected":false},"excerpt":{"rendered":"<p>Pr\u00e9vus initialement pour la derni\u00e8re semaine de ce mois d\u2019octobre, les r\u00e9sultats du baccalaur\u00e9at ont \u00e9t\u00e9 d\u00e9voil\u00e9s hier mercredi. Malgr\u00e9 la baisse de la moyenne \u00e0 9\/20, le taux de r\u00e9ussite au niveau national n\u2019a pas atteint les 56%. Avec l\u2019annonce des r\u00e9sultats, le baccalaur\u00e9at au titre de la session 2019-2020 est bien fini. Le [&hellip;]<\/p>\n","protected":false},"author":1743,"featured_media":101836,"comment_status":"closed","ping_status":"closed","sticky":false,"template":"","format":"standard","meta":{"fifu_image_url":"","fifu_image_alt":"","footnotes":""},"categories":[73,53],"tags":[],"class_list":["post-101835","post","type-post","status-publish","format-standard","has-post-thumbnail","hentry","category-actualite","category-algerie"],"_links":{"self":[{"href":"https:\/\/linitiative.ca\/International\/wp-json\/wp\/v2\/posts\/101835","targetHints":{"allow":["GET"]}}],"collection":[{"href":"https:\/\/linitiative.ca\/International\/wp-json\/wp\/v2\/posts"}],"about":[{"href":"https:\/\/linitiative.ca\/International\/wp-json\/wp\/v2\/types\/post"}],"author":[{"embeddable":true,"href":"https:\/\/linitiative.ca\/International\/wp-json\/wp\/v2\/users\/1743"}],"replies":[{"embeddable":true,"href":"https:\/\/linitiative.ca\/International\/wp-json\/wp\/v2\/comments?post=101835"}],"version-history":[{"count":0,"href":"https:\/\/linitiative.ca\/International\/wp-json\/wp\/v2\/posts\/101835\/revisions"}],"wp:featuredmedia":[{"embeddable":true,"href":"https:\/\/linitiative.ca\/International\/wp-json\/"}],"wp:attachment":[{"href":"https:\/\/linitiative.ca\/International\/wp-json\/wp\/v2\/media?parent=101835"}],"wp:term":[{"taxonomy":"category","embeddable":true,"href":"https:\/\/linitiative.ca\/International\/wp-json\/wp\/v2\/categories?post=101835"},{"taxonomy":"post_tag","embeddable":true,"href":"https:\/\/linitiative.ca\/International\/wp-json\/wp\/v2\/tags?post=101835"}],"curies":[{"name":"wp","href":"https:\/\/api.w.org\/{rel}","templated":true}]}}