{"id":101843,"date":"2020-10-15T06:32:00","date_gmt":"2020-10-15T10:32:00","guid":{"rendered":"https:\/\/linitiative.ca\/International\/40-d-damende-en-cas-de-non-port-de-masque-de-protection\/"},"modified":"2020-10-15T06:32:00","modified_gmt":"2020-10-15T10:32:00","slug":"40-d-damende-en-cas-de-non-port-de-masque-de-protection","status":"publish","type":"post","link":"https:\/\/linitiative.ca\/International\/40-d-damende-en-cas-de-non-port-de-masque-de-protection\/","title":{"rendered":"40 D d\u2019amende en cas de non port de masque de protection"},"content":{"rendered":"<p>De la responsabilisation on passe \u00e0 la punition. Une amende de 40 dinars est fix\u00e9e punissant \u00ab\u00a0quiconque ne se conforme pas \u00e0 l\u2019obligation du port de masques de protection dans les espaces et lieux publics d\u00e9termin\u00e9s et durant la p\u00e9riode n\u00e9cessaire pour limiter la propagation du virus SARS Cov-2.\u00a0\u00bb. C\u2019est que vient d\u2019\u00eatre \u00e9dict\u00e9 dans un \u00ab\u00a0D\u00e9cret gouvernemental <a href=\"http:\/\/file:\/\/\/Users\/macbook12\/Downloads\/Journal1032020.pdf\" target=\"_blank\" rel=\"noopener noreferrer\">n\u00b0 2020-782 du 14 octobre 2020<\/a>, compl\u00e9tant le d\u00e9cret gouvernemental <a href=\"http:\/\/www.legislation.tn\/sites\/default\/files\/news\/tf20174333.pdf\" target=\"_blank\" rel=\"noopener noreferrer\">n\u00b0 2017-433 du 10 avril 2017,<\/a> fixant les amendes encourues pour les contraventions au r\u00e8glement sanitaire et \u00e0 l\u2019hygi\u00e8ne publique dans les zones relevant des collectivit\u00e9s locales.\u00a0\u00bb<br \/>\u00a0<\/p>\n<p>Auteur:<br \/>\n<a href=\"https:\/\/www.leaders.com.tn\/article\/30734-40-d-d-amende-en-cas-de-non-port-de-masque-de-protection\">Cliquez ici pour lire l&rsquo;article depuis sa source.<\/a><\/p>\n","protected":false},"excerpt":{"rendered":"<p>De la responsabilisation on passe \u00e0 la punition. Une amende de 40 dinars est fix\u00e9e punissant \u00ab\u00a0quiconque ne se conforme pas \u00e0 l\u2019obligation du port de masques de protection dans les espaces et lieux publics d\u00e9termin\u00e9s et durant la p\u00e9riode n\u00e9cessaire pour limiter la propagation du virus SARS Cov-2.\u00a0\u00bb. C\u2019est que vient d\u2019\u00eatre \u00e9dict\u00e9 dans [&hellip;]<\/p>\n","protected":false},"author":1772,"featured_media":0,"comment_status":"closed","ping_status":"closed","sticky":false,"template":"","format":"standard","meta":{"fifu_image_url":"","fifu_image_alt":"","footnotes":""},"categories":[73,55],"tags":[],"class_list":["post-101843","post","type-post","status-publish","format-standard","hentry","category-actualite","category-tunisie"],"_links":{"self":[{"href":"https:\/\/linitiative.ca\/International\/wp-json\/wp\/v2\/posts\/101843","targetHints":{"allow":["GET"]}}],"collection":[{"href":"https:\/\/linitiative.ca\/International\/wp-json\/wp\/v2\/posts"}],"about":[{"href":"https:\/\/linitiative.ca\/International\/wp-json\/wp\/v2\/types\/post"}],"author":[{"embeddable":true,"href":"https:\/\/linitiative.ca\/International\/wp-json\/wp\/v2\/users\/1772"}],"replies":[{"embeddable":true,"href":"https:\/\/linitiative.ca\/International\/wp-json\/wp\/v2\/comments?post=101843"}],"version-history":[{"count":0,"href":"https:\/\/linitiative.ca\/International\/wp-json\/wp\/v2\/posts\/101843\/revisions"}],"wp:attachment":[{"href":"https:\/\/linitiative.ca\/International\/wp-json\/wp\/v2\/media?parent=101843"}],"wp:term":[{"taxonomy":"category","embeddable":true,"href":"https:\/\/linitiative.ca\/International\/wp-json\/wp\/v2\/categories?post=101843"},{"taxonomy":"post_tag","embeddable":true,"href":"https:\/\/linitiative.ca\/International\/wp-json\/wp\/v2\/tags?post=101843"}],"curies":[{"name":"wp","href":"https:\/\/api.w.org\/{rel}","templated":true}]}}