{"id":101845,"date":"2020-10-15T17:04:41","date_gmt":"2020-10-15T21:04:41","guid":{"rendered":"https:\/\/linitiative.ca\/International\/rassurer\/"},"modified":"2020-10-15T17:04:41","modified_gmt":"2020-10-15T21:04:41","slug":"rassurer","status":"publish","type":"post","link":"https:\/\/linitiative.ca\/International\/rassurer\/","title":{"rendered":"Rassurer"},"content":{"rendered":"<p><strong>Dans une interview exclusive du directeur g\u00e9n\u00e9ral de l\u2019ANAPEC \u00e0 para\u00eetre demain dans la version \u00e9lectronique de Challenge, celui-ci se veut rassurant face au d\u00e9sastre. Il \u00e9voque quelques secteurs qui continueront \u00e0 recruter, des niches auto-entrepreneuriales ou peut-\u00eatre le recours du march\u00e9 international de l\u2019emploi, sans nier que les tensions sur le march\u00e9 de l\u2019emploi sont tr\u00e8s pressantes.<\/strong><\/p>\n<div class=\"c10\"\/>\n<p>Au-del\u00e0, il faut poser les d\u00e9faillances structurelles du march\u00e9 du travail. Le Maroc se doit de le fluidifier, s\u2019il veut apporter une r\u00e9ponse p\u00e9renne \u00e0 la probl\u00e9matique du ch\u00f4mage. Parce que le dialogue social ne fonctionne pas, des projets qui sont l\u00e0 depuis des d\u00e9cennies n\u2019avancent pas. Pourtant tout le monde sait qu\u2019un environnement l\u00e9gislatif plus ouvert, soutenu par une protection sociale plus renforc\u00e9e, permettrait des relations sociales encourageantes pour l\u2019emploi. C\u2019est une probl\u00e9matique que nous devons r\u00e9gler en ce temps de crise, avec un taux de ch\u00f4mage record.<\/p>\n<p><strong>Lire aussi | <a href=\"https:\/\/www.challenge.ma\/la-chambre-des-representants-liquide-les-retraites-161305\/\" target=\"_blank\" rel=\"noreferrer noopener\">La Chambre des repr\u00e9sentants liquide les retraites<\/a><\/strong><\/p>\n<p>Le discours Royal devant le Parlement a d\u2019ailleurs r\u00e9it\u00e9r\u00e9 l\u2019importance de la protection sociale, y compris une allocation ch\u00f4mage. Ce discours a mis en lumi\u00e8re les autres d\u00e9ficits, en particulier en termes de gouvernance. Nous sommes devant un projet de soci\u00e9t\u00e9 dont la coh\u00e9rence doit \u00eatre la colonne vert\u00e9brale. L\u2019ex\u00e9cutif et le l\u00e9gislatif doivent se mettre au diapason pour permettre au Maroc de sortir de la crise plus fort, mieux arm\u00e9 et \u00e0 la d\u00e9mocratie sociale d\u2019\u00eatre plus vivante, donc plus proche des gens et suscitant leur adh\u00e9sion, c\u2019est tout l\u2019enjeu des prochaines semaines.<\/p>\n<p><strong>Lire aussi | <a href=\"https:\/\/www.challenge.ma\/discours-integral-parlement-sm-le-roi-insiste-sur-la-relance-economique-video-160460\/\" target=\"_blank\" rel=\"noreferrer noopener\">[Discours int\u00e9gral] Parlement : SM le Roi insiste sur la relance \u00e9conomique [Vid\u00e9o]<\/a><\/strong><\/p>\n<p>Ce samedi, la journ\u00e9e mondiale de lutte contre la mis\u00e8re est c\u00e9l\u00e9br\u00e9e. Le Maroc en fait un axe strat\u00e9gique de ses politiques publiques. L\u2019assurance m\u00e9dicale universelle est un exemple de ces politiques. Ce n\u2019est pas un enjeu facile \u00e0 atteindre. Mais si le but est atteint, il permettrait de r\u00e9soudre la question du financement de la sant\u00e9 publique et donc l\u2019am\u00e9lioration de ses performances et d\u2019assurer la justice sociale, dont c\u2019est un chantier fondamental. Tous ces chantiers sont \u00e0 la fois structurants et urgents. Nos dirigeants doivent s\u2019y atteler tout en g\u00e9rant les effets du Covid-19.<\/p>\n<p>Auteur: Jamal Berraoui<br \/>\n<a href=\"https:\/\/www.challenge.ma\/rassurer-161359\/\">Cliquez ici pour lire l&rsquo;article depuis sa source.<\/a><\/p>\n","protected":false},"excerpt":{"rendered":"<p>Dans une interview exclusive du directeur g\u00e9n\u00e9ral de l\u2019ANAPEC \u00e0 para\u00eetre demain dans la version \u00e9lectronique de Challenge, celui-ci se veut rassurant face au d\u00e9sastre. Il \u00e9voque quelques secteurs qui continueront \u00e0 recruter, des niches auto-entrepreneuriales ou peut-\u00eatre le recours du march\u00e9 international de l\u2019emploi, sans nier que les tensions sur le march\u00e9 de l\u2019emploi [&hellip;]<\/p>\n","protected":false},"author":1787,"featured_media":0,"comment_status":"closed","ping_status":"closed","sticky":false,"template":"","format":"standard","meta":{"fifu_image_url":"","fifu_image_alt":"","footnotes":""},"categories":[78,54],"tags":[],"class_list":["post-101845","post","type-post","status-publish","format-standard","hentry","category-economie","category-maroc"],"_links":{"self":[{"href":"https:\/\/linitiative.ca\/International\/wp-json\/wp\/v2\/posts\/101845","targetHints":{"allow":["GET"]}}],"collection":[{"href":"https:\/\/linitiative.ca\/International\/wp-json\/wp\/v2\/posts"}],"about":[{"href":"https:\/\/linitiative.ca\/International\/wp-json\/wp\/v2\/types\/post"}],"author":[{"embeddable":true,"href":"https:\/\/linitiative.ca\/International\/wp-json\/wp\/v2\/users\/1787"}],"replies":[{"embeddable":true,"href":"https:\/\/linitiative.ca\/International\/wp-json\/wp\/v2\/comments?post=101845"}],"version-history":[{"count":0,"href":"https:\/\/linitiative.ca\/International\/wp-json\/wp\/v2\/posts\/101845\/revisions"}],"wp:attachment":[{"href":"https:\/\/linitiative.ca\/International\/wp-json\/wp\/v2\/media?parent=101845"}],"wp:term":[{"taxonomy":"category","embeddable":true,"href":"https:\/\/linitiative.ca\/International\/wp-json\/wp\/v2\/categories?post=101845"},{"taxonomy":"post_tag","embeddable":true,"href":"https:\/\/linitiative.ca\/International\/wp-json\/wp\/v2\/tags?post=101845"}],"curies":[{"name":"wp","href":"https:\/\/api.w.org\/{rel}","templated":true}]}}