{"id":101862,"date":"2020-10-15T13:07:35","date_gmt":"2020-10-15T17:07:35","guid":{"rendered":"https:\/\/linitiative.ca\/International\/cameroun-joseph-le-lavocat-imparfait-de-lenam\/"},"modified":"2020-10-15T13:07:35","modified_gmt":"2020-10-15T17:07:35","slug":"cameroun-joseph-le-lavocat-imparfait-de-lenam","status":"publish","type":"post","link":"https:\/\/linitiative.ca\/International\/cameroun-joseph-le-lavocat-imparfait-de-lenam\/","title":{"rendered":"Cameroun : Joseph L\u00e9 \u00ab\u00a0l\u2019avocat\u00a0\u00bb imparfait de l\u2019Enam"},"content":{"rendered":"<div readability=\"32\">\n<p>Publi\u00e9 le 15.10.2020 \u00e0 18h07 par Christian Djimadeu<\/p>\n<\/div>\n<div readability=\"82\">\n<h2 class=\"c6\">Voulant d\u00e9fendre les r\u00e9sultats critiqu\u00e9s de \u00a0l\u2019Enam par une d\u00e9monstration de transparence, le ministre de la Fonction publique a aggrav\u00e9 les accusations port\u00e9es contre l\u2019\u00e9cole.<\/h2>\n<p class=\"c7\">Apr\u00e8s la note d\u2019information du ministre de la Fonction publique et de la r\u00e9forme administrative (<strong>Minfopra<\/strong>) diffus\u00e9e dans la soir\u00e9e du 13 octobre 2020, le <strong>Mouvement 10 millions de Nordistes<\/strong> annonce qu\u2019il a d\u00e9pos\u00e9 des requ\u00eates aux fins de suspendre l\u2019application des r\u00e9sultats de la session 2020 du concours de l\u2019Ecole nationale d\u2019administration et de magistrature (<strong>Enam<\/strong>).<\/p>\n<p class=\"c7\">Le ministre <strong>Joseph L\u00e9<\/strong>, dans un souci de transparence, aurait plut\u00f4t envenim\u00e9 la tension des \u00ab\u00a0Nordistes\u00a0\u00bb. En affirmant que le quota des 30\u00a0% de leurs ressortissants dans la liste des admis a \u00e9t\u00e9 respect\u00e9. Joseph L\u00e9 fait pr\u00e9cis\u00e9ment la d\u00e9monstration que 117 candidats du Grand Nord ont \u00e9t\u00e9 d\u00e9clar\u00e9s admis soit <strong>28 %<\/strong> <strong>de places<\/strong>, r\u00e9parties comme suit\u00a0: Adamaoua\u00a0: 24 amis soit 6%, l\u2019Extr\u00eame-Nord\u00a0: 68 admis soit 16% et le Nord\u00a0: 25 admis l\u2019\u00e9quivalent de 6%.<\/p>\n<p class=\"c7\">Des chiffres que contestent le Mouvement 10 millions de Nordistes. \u00ab\u00a0<em>Les chiffres avanc\u00e9s dans son communiqu\u00e9 (28%) sur le nombre total des<\/em> <em>candidats Nordistes admis ne refl\u00e8tent pas la sinc\u00e9rit\u00e9 du d\u00e9compte des r\u00e9sultats publi\u00e9s le 04 octobre 2020 (18%) et en appelle d\u00e9sormais, dans un esprit R\u00e9publicain, \u00e0 la Justice pour trancher ces incompr\u00e9hensions<\/em>\u00a0\u00bb, a d\u00e9clar\u00e9 Guiba\u00ef\u00a0 Gatama le porte-parole du Mouvement.<\/p>\n<p class=\"c7\">L\u2019association annonce qu\u2019apr\u00e8s le d\u00e9p\u00f4t d\u2019une requ\u00eate, le 13 octobre, \u00a0devant le <strong>Tribunal Administratif du Centre<\/strong>, d\u2019autres ont \u00e9t\u00e9 d\u00e9pos\u00e9es le lendemain suite \u00e0 la sortie du <strong>Minfopra<\/strong>. Des requ\u00eates aux fins de sursis \u00e0 ex\u00e9cution de toutes les d\u00e9cisions rendues dans le cadre du concours de l\u2019Enam.<\/p>\n<p class=\"c7\">Sur la toile, plusieurs internautes exigent du ministre une transparence totale. Le cas du journaliste <strong>Christophe Bobiokono<\/strong>\u00a0qui souhaite que le ministre publie, dans la m\u00eame logique de transparence, les quotas d\u2019admis r\u00e9gion par r\u00e9gion. \u00a0Une autre cat\u00e9gorie de personnes s\u2019\u00e9tonne du silence du membre du gouvernement sur le cas du candidat <strong>Ahmadou Yaya<\/strong>. Ce dernier se plaint d\u2019avoir \u00e9t\u00e9 d\u00e9clar\u00e9 non admis, mais retrouve dans la liste des passants le nom de son homonyme qui, lui,\u00a0 \u00e9tait absent, et donc n\u2019a pas pris part au concours.<\/p>\n<p class=\"c7\">Jusqu\u2019ici, l\u2019Enam ne s\u2019est prononc\u00e9e sur aucune des plaintes. Seul le ministre de la Fonction publique, pr\u00e9sident du conseil d\u2019administration de cette \u00e9cole, a pris les devants. L\u2019un des contestataires ayant port\u00e9 l\u2019affaire en justice, Joseph L\u00e9\u00a0 \u00ab\u00a0l\u2019avocat\u00a0\u00bb\u00a0 de l\u2019Enam pourrait avoir d\u2019autres d\u00e9monstrations \u00e0 apporter.<\/p>\n<\/div>\n<p>Auteur: Christian DJIMADEU<br \/>\n<a href=\"https:\/\/www.journalducameroun.com\/cameroun-joseph-le-lavocat-imparfait-de-lenam\/\">Cliquez ici pour lire l&rsquo;article depuis sa source.<\/a><\/p>\n","protected":false},"excerpt":{"rendered":"<p>Publi\u00e9 le 15.10.2020 \u00e0 18h07 par Christian Djimadeu Voulant d\u00e9fendre les r\u00e9sultats critiqu\u00e9s de \u00a0l\u2019Enam par une d\u00e9monstration de transparence, le ministre de la Fonction publique a aggrav\u00e9 les accusations port\u00e9es contre l\u2019\u00e9cole. Apr\u00e8s la note d\u2019information du ministre de la Fonction publique et de la r\u00e9forme administrative (Minfopra) diffus\u00e9e dans la soir\u00e9e du 13 [&hellip;]<\/p>\n","protected":false},"author":1965,"featured_media":0,"comment_status":"closed","ping_status":"closed","sticky":false,"template":"","format":"standard","meta":{"fifu_image_url":"","fifu_image_alt":"","footnotes":""},"categories":[73,82],"tags":[],"class_list":["post-101862","post","type-post","status-publish","format-standard","hentry","category-actualite","category-cameroun"],"_links":{"self":[{"href":"https:\/\/linitiative.ca\/International\/wp-json\/wp\/v2\/posts\/101862","targetHints":{"allow":["GET"]}}],"collection":[{"href":"https:\/\/linitiative.ca\/International\/wp-json\/wp\/v2\/posts"}],"about":[{"href":"https:\/\/linitiative.ca\/International\/wp-json\/wp\/v2\/types\/post"}],"author":[{"embeddable":true,"href":"https:\/\/linitiative.ca\/International\/wp-json\/wp\/v2\/users\/1965"}],"replies":[{"embeddable":true,"href":"https:\/\/linitiative.ca\/International\/wp-json\/wp\/v2\/comments?post=101862"}],"version-history":[{"count":0,"href":"https:\/\/linitiative.ca\/International\/wp-json\/wp\/v2\/posts\/101862\/revisions"}],"wp:attachment":[{"href":"https:\/\/linitiative.ca\/International\/wp-json\/wp\/v2\/media?parent=101862"}],"wp:term":[{"taxonomy":"category","embeddable":true,"href":"https:\/\/linitiative.ca\/International\/wp-json\/wp\/v2\/categories?post=101862"},{"taxonomy":"post_tag","embeddable":true,"href":"https:\/\/linitiative.ca\/International\/wp-json\/wp\/v2\/tags?post=101862"}],"curies":[{"name":"wp","href":"https:\/\/api.w.org\/{rel}","templated":true}]}}