{"id":101863,"date":"2020-10-15T13:54:20","date_gmt":"2020-10-15T17:54:20","guid":{"rendered":"https:\/\/linitiative.ca\/International\/diplomatie-mpouel-bala-lazare-est-le-nouvel-ambassadeur-du-cameroun-au-congo-en-provenance-de-la-guinee-equatoriale\/"},"modified":"2020-10-15T13:54:20","modified_gmt":"2020-10-15T17:54:20","slug":"diplomatie-mpouel-bala-lazare-est-le-nouvel-ambassadeur-du-cameroun-au-congo-en-provenance-de-la-guinee-equatoriale","status":"publish","type":"post","link":"https:\/\/linitiative.ca\/International\/diplomatie-mpouel-bala-lazare-est-le-nouvel-ambassadeur-du-cameroun-au-congo-en-provenance-de-la-guinee-equatoriale\/","title":{"rendered":"Diplomatie : Mpouel Bala Lazare est le nouvel ambassadeur du Cameroun au Congo en provenance de la Guin\u00e9e \u00e9quatoriale"},"content":{"rendered":"<div readability=\"32\">\n<p>Publi\u00e9 le 15.10.2020 \u00e0 18h54 par Christian Djimadeu<\/p>\n<\/div>\n<div readability=\"46\">\n<h2 class=\"c6\">Il a \u00e9t\u00e9 nomm\u00e9 ce 15 octobre 2020 par le pr\u00e9sident de la R\u00e9publique. En remplacement \u00e0 Brazzaville du Dr <strong>Hamidou Komidor Njimoluh arriv\u00e9 en fin de s\u00e9jour.<\/strong><\/h2>\n<p class=\"c7\"><strong>Mpouel Bala Lazare<\/strong> est le nouvel ambassadeur extraordinaire et pl\u00e9nipotentiaire du<strong>\u00a0Cameroun<\/strong> en <strong>R\u00e9publique du Congo<\/strong>. Le pr\u00e9sident de la R\u00e9publique l\u2019a nomm\u00e9 ce 15 octobre 2020.<\/p>\n<p class=\"c7\">Avant la signature du d\u00e9cret de <strong>Paul Biya<\/strong> ce jour, \u00a0S.E. Lazare Mpouel Bala, \u00e9tait ambassadeur du Cameroun aupr\u00e8s de la R\u00e9publique de Guin\u00e9e-\u00c9quatoriale.<\/p>\n<p class=\"c7\">Son pr\u00e9d\u00e9cesseur, le <strong>Dr Hamidou Komidor Njimoluh<\/strong> a \u00e9t\u00e9 nomm\u00e9 par le pr\u00e9sident de la R\u00e9publique, ambassadeur extraordinaire et pl\u00e9nipotentiaire du\u00a0Cameroun\u00a0en\u00a0Alg\u00e9rie.<\/p>\n<p class=\"c7\">Mpouel Bala Lazare reste dans la zone Cemac. O\u00f9 la question de l\u2019int\u00e9gration sous-r\u00e9gionale\u00a0\u00a0reste le principal d\u00e9fis.<\/p>\n<\/div>\n<p>Auteur: Christian DJIMADEU<br \/>\n<a href=\"https:\/\/www.journalducameroun.com\/diplomatie-mpouel-bala-lazare-est-le-nouvel-ambassadeur-du-cameroun-au-congo-en-provenance-de-la-guinee-equatoriale-cameroun\/\">Cliquez ici pour lire l&rsquo;article depuis sa source.<\/a><\/p>\n","protected":false},"excerpt":{"rendered":"<p>Publi\u00e9 le 15.10.2020 \u00e0 18h54 par Christian Djimadeu Il a \u00e9t\u00e9 nomm\u00e9 ce 15 octobre 2020 par le pr\u00e9sident de la R\u00e9publique. En remplacement \u00e0 Brazzaville du Dr Hamidou Komidor Njimoluh arriv\u00e9 en fin de s\u00e9jour. Mpouel Bala Lazare est le nouvel ambassadeur extraordinaire et pl\u00e9nipotentiaire du\u00a0Cameroun en R\u00e9publique du Congo. Le pr\u00e9sident de la [&hellip;]<\/p>\n","protected":false},"author":1965,"featured_media":0,"comment_status":"closed","ping_status":"closed","sticky":false,"template":"","format":"standard","meta":{"fifu_image_url":"","fifu_image_alt":"","footnotes":""},"categories":[73,82],"tags":[],"class_list":["post-101863","post","type-post","status-publish","format-standard","hentry","category-actualite","category-cameroun"],"_links":{"self":[{"href":"https:\/\/linitiative.ca\/International\/wp-json\/wp\/v2\/posts\/101863","targetHints":{"allow":["GET"]}}],"collection":[{"href":"https:\/\/linitiative.ca\/International\/wp-json\/wp\/v2\/posts"}],"about":[{"href":"https:\/\/linitiative.ca\/International\/wp-json\/wp\/v2\/types\/post"}],"author":[{"embeddable":true,"href":"https:\/\/linitiative.ca\/International\/wp-json\/wp\/v2\/users\/1965"}],"replies":[{"embeddable":true,"href":"https:\/\/linitiative.ca\/International\/wp-json\/wp\/v2\/comments?post=101863"}],"version-history":[{"count":0,"href":"https:\/\/linitiative.ca\/International\/wp-json\/wp\/v2\/posts\/101863\/revisions"}],"wp:attachment":[{"href":"https:\/\/linitiative.ca\/International\/wp-json\/wp\/v2\/media?parent=101863"}],"wp:term":[{"taxonomy":"category","embeddable":true,"href":"https:\/\/linitiative.ca\/International\/wp-json\/wp\/v2\/categories?post=101863"},{"taxonomy":"post_tag","embeddable":true,"href":"https:\/\/linitiative.ca\/International\/wp-json\/wp\/v2\/tags?post=101863"}],"curies":[{"name":"wp","href":"https:\/\/api.w.org\/{rel}","templated":true}]}}