{"id":101871,"date":"2020-10-15T15:00:27","date_gmt":"2020-10-15T19:00:27","guid":{"rendered":"https:\/\/linitiative.ca\/International\/le-g20-prolonge-a-juin-2021-le-moratoire-sur-la-dette-des-pays-pauvres\/"},"modified":"2020-10-15T15:00:27","modified_gmt":"2020-10-15T19:00:27","slug":"le-g20-prolonge-a-juin-2021-le-moratoire-sur-la-dette-des-pays-pauvres","status":"publish","type":"post","link":"https:\/\/linitiative.ca\/International\/le-g20-prolonge-a-juin-2021-le-moratoire-sur-la-dette-des-pays-pauvres\/","title":{"rendered":"Le G20 prolonge \u00e0 juin 2021 le moratoire sur la dette des pays pauvres"},"content":{"rendered":"<div class=\"featured-area featured-area-inner\" readability=\"8\"><img loading=\"lazy\" decoding=\"async\" width=\"1520\" height=\"1024\" src=\"https:\/\/ecomatin.net\/wp-content\/uploads\/2020\/10\/G20.png\" class=\"attachment-full size-full wp-post-image\" alt=\"\" srcset=\"https:\/\/ecomatin.net\/wp-content\/uploads\/2020\/10\/G20.png 1520w, https:\/\/ecomatin.net\/wp-content\/uploads\/2020\/10\/G20-300x202.png 300w, https:\/\/ecomatin.net\/wp-content\/uploads\/2020\/10\/G20-1024x690.png 1024w, https:\/\/ecomatin.net\/wp-content\/uploads\/2020\/10\/G20-768x517.png 768w, https:\/\/ecomatin.net\/wp-content\/uploads\/2020\/10\/G20-600x404.png 600w\" sizes=\"auto, (max-width: 1520px) 100vw, 1520px\" data-attachment-id=\"18950\" data-permalink=\"https:\/\/ecomatin.net\/le-g20-prolonge-a-juin-2021-le-moratoire-sur-la-dette-des-pays-pauvres\/g20\/\" data-orig-file=\"https:\/\/ecomatin.net\/wp-content\/uploads\/2020\/10\/G20.png\" data-orig-size=\"1520,1024\" data-comments-opened=\"0\" data-image-meta=\"{&quot;aperture&quot;:&quot;0&quot;,&quot;credit&quot;:&quot;&quot;,&quot;camera&quot;:&quot;&quot;,&quot;caption&quot;:&quot;&quot;,&quot;created_timestamp&quot;:&quot;0&quot;,&quot;copyright&quot;:&quot;&quot;,&quot;focal_length&quot;:&quot;0&quot;,&quot;iso&quot;:&quot;0&quot;,&quot;shutter_speed&quot;:&quot;0&quot;,&quot;title&quot;:&quot;&quot;,&quot;orientation&quot;:&quot;0&quot;}\" data-image-title=\"G20\" data-image-description=\"\" data-medium-file=\"https:\/\/ecomatin.net\/wp-content\/uploads\/2020\/10\/G20-300x202.png\" data-large-file=\"https:\/\/ecomatin.net\/wp-content\/uploads\/2020\/10\/G20-1024x690.png\"\/> les leaders du G20, lors de la rencontre de 2019<\/div>\n<div class=\"entry-content entry clearfix\" readability=\"44.992791169182\">\n<p>Les 20 pays, les plus riches au monde ont d\u00e9cid\u00e9 le mercredi 14 octobre de prolong\u00e9 de 6 mois suppl\u00e9mentaires le moratoire sur la dette des pays les plus pauvres durement affect\u00e9s par la pand\u00e9mie du Covid-19. Les pays en question viennent de b\u00e9n\u00e9ficier d\u2019une marge allant jusqu\u2019au mois de juin 2021.\u00a0\u00ab\u00a0<em>Nous avons convenu de prolonger l\u2019Initiative de suspension du service de la dette de six mois<\/em>\u00bb, d\u00e9clarait le ministre saoudien des Finances Mohammed Al-Jadaan lors d\u2019une conf\u00e9rence de presse \u00e0 l\u2019issue d\u2019une r\u00e9union des ministres des Finances du G20.<\/p>\n<p>Cette date de juin 2021 pourrait \u00eatre prolong\u00e9e jusqu\u2019\u00e0 fin 2021, lors d\u2019une r\u00e9union au printemps prochain du Fonds mon\u00e9taire international (FMI) et de la Banque mondiale. La r\u00e9union du 14 octobre intervenait au lendemain de l\u2019actualisation des pr\u00e9visions du FMI, qui annonce une r\u00e9cession de 4,4% de l\u2019\u00e9conomie mondiale pour 2020 et averti que les r\u00e9percussions de la crise dureront plusieurs ann\u00e9es.<\/p>\n<p><strong>Lire aussi<\/strong> : <a href=\"https:\/\/ecomatin.net\/report-de-la-dette-publique-le-g20-essaye-de-neutraliser-la-chine-en-afrique\/\">Report de la dette publique\u00a0: le G20 essaye de neutraliser la Chine en Afrique<\/a><\/p>\n<p>Selon le journal Fran\u00e7ais le Figaro le G20 a \u00e9voqu\u00e9 l\u2019id\u00e9e d\u2019une restructuration de la dette des pays les plus pauvres qui irait plus loin que la simple suspension du service de la dette. \u00ab\u00a0<em>Nous reconnaissons que des traitements de la dette au-del\u00e0 de la suspension du service de la dette peuvent \u00eatre n\u00e9cessaires au cas par cas<\/em>\u00a0\u00bb, indiquait le groupe dans son communiqu\u00e9, ajoutant\u00a0\u00ab\u00a0<em>avoir convenu en principe d\u2019un cadre commun<\/em>\u00bb pour traiter cette question. Cadre qui sera pr\u00e9cis\u00e9 lors d\u2019une autre r\u00e9union extraordinaire du G20 finances avant le sommet du groupe en novembre.<\/p>\n<p><strong>Lire aussi<\/strong> : <a href=\"https:\/\/ecomatin.net\/service-de-la-dette-comment-moodys-a-tire-le-cameroun-de-lembarras\/\">Service de la dette\u00a0: comment Moody\u2019s a tir\u00e9 le Cameroun de l\u2019embarras<\/a><\/p>\n<p>Rappelons qu\u2019en avril 2020, le groupement des 20 pays les plus riches au monde s\u2019\u00e9taient d\u00e9j\u00e0 engag\u00e9s \u00e0 suspendre le service de la dette des pays les plus vuln\u00e9rables \u00e0 la crise sanitaire jusqu\u2019\u00e0 la fin de l\u2019ann\u00e9e. Une dette qui a \u00e0 ce jour vu 46 des 73 pays les plus pauvres dont ceux d\u2019Afrique demand\u00e9s \u00e0 b\u00e9n\u00e9ficier de la suspension du service de la dette. Selon la Banque mondiale, la dette des 73 pays les plus pauvres a augment\u00e9 de 9,5% en 2019, pour se chiffrer \u00e0 744 milliards de dollars (environ 632 milliards d\u2019euros). Du c\u00f4t\u00e9 des cr\u00e9anciers gouvernementaux, dont la plupart sont des \u00c9tats du G20, la Banque mondiale indique \u00e0 ce niveau la dette se chiffre \u00e0 178 milliards de dollars (151 milliards d\u2019euros), toujours au cours de cette ann\u00e9e.<\/p>\n<p><strong>Lire aussi<\/strong> : <a href=\"https:\/\/ecomatin.net\/litalie-annule-la-dette-du-cameroun-a-hauteur-de-12-milliards-de-f-pour-la-periode-2020-2021\/\">L\u2019Italie annule la dette du Cameroun \u00e0 hauteur de 12 milliards de F pour la p\u00e9riode 2020-2021<\/a><\/p>\n<div class=\"awac-wrapper awac widget posts-list-widget-11\">\n<h4 class=\"widget-title\">Le plus r\u00e9cent<\/h4>\n<\/div>\n<\/div>\n<p>Auteur: Eco Matin<br \/>\n<a href=\"https:\/\/ecomatin.net\/le-g20-prolonge-a-juin-2021-le-moratoire-sur-la-dette-des-pays-pauvres\/\">Cliquez ici pour lire l&rsquo;article depuis sa source.<\/a><\/p>\n","protected":false},"excerpt":{"rendered":"<p>les leaders du G20, lors de la rencontre de 2019 Les 20 pays, les plus riches au monde ont d\u00e9cid\u00e9 le mercredi 14 octobre de prolong\u00e9 de 6 mois suppl\u00e9mentaires le moratoire sur la dette des pays les plus pauvres durement affect\u00e9s par la pand\u00e9mie du Covid-19. Les pays en question viennent de b\u00e9n\u00e9ficier d\u2019une [&hellip;]<\/p>\n","protected":false},"author":1969,"featured_media":101872,"comment_status":"closed","ping_status":"closed","sticky":false,"template":"","format":"standard","meta":{"fifu_image_url":"","fifu_image_alt":"","footnotes":""},"categories":[82,78],"tags":[],"class_list":["post-101871","post","type-post","status-publish","format-standard","has-post-thumbnail","hentry","category-cameroun","category-economie"],"_links":{"self":[{"href":"https:\/\/linitiative.ca\/International\/wp-json\/wp\/v2\/posts\/101871","targetHints":{"allow":["GET"]}}],"collection":[{"href":"https:\/\/linitiative.ca\/International\/wp-json\/wp\/v2\/posts"}],"about":[{"href":"https:\/\/linitiative.ca\/International\/wp-json\/wp\/v2\/types\/post"}],"author":[{"embeddable":true,"href":"https:\/\/linitiative.ca\/International\/wp-json\/wp\/v2\/users\/1969"}],"replies":[{"embeddable":true,"href":"https:\/\/linitiative.ca\/International\/wp-json\/wp\/v2\/comments?post=101871"}],"version-history":[{"count":0,"href":"https:\/\/linitiative.ca\/International\/wp-json\/wp\/v2\/posts\/101871\/revisions"}],"wp:featuredmedia":[{"embeddable":true,"href":"https:\/\/linitiative.ca\/International\/wp-json\/"}],"wp:attachment":[{"href":"https:\/\/linitiative.ca\/International\/wp-json\/wp\/v2\/media?parent=101871"}],"wp:term":[{"taxonomy":"category","embeddable":true,"href":"https:\/\/linitiative.ca\/International\/wp-json\/wp\/v2\/categories?post=101871"},{"taxonomy":"post_tag","embeddable":true,"href":"https:\/\/linitiative.ca\/International\/wp-json\/wp\/v2\/tags?post=101871"}],"curies":[{"name":"wp","href":"https:\/\/api.w.org\/{rel}","templated":true}]}}