{"id":101873,"date":"2020-10-16T10:25:06","date_gmt":"2020-10-16T14:25:06","guid":{"rendered":"https:\/\/linitiative.ca\/International\/reprise-de-la-priere-du-vendredi-les-fideles-au-rendez-vous\/"},"modified":"2020-10-16T10:25:06","modified_gmt":"2020-10-16T14:25:06","slug":"reprise-de-la-priere-du-vendredi-les-fideles-au-rendez-vous","status":"publish","type":"post","link":"https:\/\/linitiative.ca\/International\/reprise-de-la-priere-du-vendredi-les-fideles-au-rendez-vous\/","title":{"rendered":"Reprise de la pri\u00e8re du vendredi: Les fid\u00e8les au rendez-vous"},"content":{"rendered":"<header>\n<\/header>\n<div class=\"entry-content clearfix\" readability=\"36\">\n<p><strong>Pour la premi\u00e8re fois et depuis le mois de mars, les mosqu\u00e9es du Maroc ont accueilli les fid\u00e8les pour l\u2019accomplissement de la pri\u00e8re du vendredi. Toutes les mesures sanitaires ont \u00e9t\u00e9 prises pour pr\u00e9munir les personnes ayant r\u00e9pondu \u00e0 l\u2019appel de tout risque de contagion. Ambiance de Casablanca.<\/strong><span id=\"more-358156\"\/><\/p>\n<\/div>\n<p>Auteur: ALM<br \/>\n<a href=\"https:\/\/aujourdhui.ma\/actualite\/reprise-de-la-priere-du-vendredi-les-fideles-au-rendez-vous\">Cliquez ici pour lire l&rsquo;article depuis sa source.<\/a><\/p>\n","protected":false},"excerpt":{"rendered":"<p>Pour la premi\u00e8re fois et depuis le mois de mars, les mosqu\u00e9es du Maroc ont accueilli les fid\u00e8les pour l\u2019accomplissement de la pri\u00e8re du vendredi. Toutes les mesures sanitaires ont \u00e9t\u00e9 prises pour pr\u00e9munir les personnes ayant r\u00e9pondu \u00e0 l\u2019appel de tout risque de contagion. Ambiance de Casablanca. Auteur: ALM Cliquez ici pour lire l&rsquo;article [&hellip;]<\/p>\n","protected":false},"author":1759,"featured_media":0,"comment_status":"closed","ping_status":"closed","sticky":false,"template":"","format":"standard","meta":{"fifu_image_url":"","fifu_image_alt":"","footnotes":""},"categories":[73,54],"tags":[],"class_list":["post-101873","post","type-post","status-publish","format-standard","hentry","category-actualite","category-maroc"],"_links":{"self":[{"href":"https:\/\/linitiative.ca\/International\/wp-json\/wp\/v2\/posts\/101873","targetHints":{"allow":["GET"]}}],"collection":[{"href":"https:\/\/linitiative.ca\/International\/wp-json\/wp\/v2\/posts"}],"about":[{"href":"https:\/\/linitiative.ca\/International\/wp-json\/wp\/v2\/types\/post"}],"author":[{"embeddable":true,"href":"https:\/\/linitiative.ca\/International\/wp-json\/wp\/v2\/users\/1759"}],"replies":[{"embeddable":true,"href":"https:\/\/linitiative.ca\/International\/wp-json\/wp\/v2\/comments?post=101873"}],"version-history":[{"count":0,"href":"https:\/\/linitiative.ca\/International\/wp-json\/wp\/v2\/posts\/101873\/revisions"}],"wp:attachment":[{"href":"https:\/\/linitiative.ca\/International\/wp-json\/wp\/v2\/media?parent=101873"}],"wp:term":[{"taxonomy":"category","embeddable":true,"href":"https:\/\/linitiative.ca\/International\/wp-json\/wp\/v2\/categories?post=101873"},{"taxonomy":"post_tag","embeddable":true,"href":"https:\/\/linitiative.ca\/International\/wp-json\/wp\/v2\/tags?post=101873"}],"curies":[{"name":"wp","href":"https:\/\/api.w.org\/{rel}","templated":true}]}}