{"id":101876,"date":"2020-10-16T10:34:47","date_gmt":"2020-10-16T14:34:47","guid":{"rendered":"https:\/\/linitiative.ca\/International\/le-maroc-et-la-france-determines-a-renforcer-davantage-la-cooperation-securitaire\/"},"modified":"2020-10-16T10:34:47","modified_gmt":"2020-10-16T14:34:47","slug":"le-maroc-et-la-france-determines-a-renforcer-davantage-la-cooperation-securitaire","status":"publish","type":"post","link":"https:\/\/linitiative.ca\/International\/le-maroc-et-la-france-determines-a-renforcer-davantage-la-cooperation-securitaire\/","title":{"rendered":"Le Maroc et la France d\u00e9termin\u00e9s \u00e0 renforcer davantage la coop\u00e9ration s\u00e9curitaire"},"content":{"rendered":"<p><img decoding=\"async\" class=\"post_layout_5_img\" src=\"http:\/\/aujourdhui.ma\/wp-content\/uploads\/2019\/12\/Flag-Maroc-France.jpg\" alt=\"Le Maroc et la France d&#xE9;termin&#xE9;s &#xE0; renforcer davantage la coop&#xE9;ration s&#xE9;curitaire\"\/><\/p>\n<p class=\"c6\"><strong><span class=\"c5\">Le Maroc et la France sont d\u00e9termin\u00e9s \u00e0 renforcer davantage leur coop\u00e9ration s\u00e9curitaire, notamment \u00e0 travers l\u2019\u00e9change de renseignements et d\u2019expertises et la consolidation du cadre juridique r\u00e9gissant leur coop\u00e9ration dans ce domaine, a indiqu\u00e9, vendredi, le minist\u00e8re de l\u2019Int\u00e9rieur.<\/span><\/strong><span id=\"more-358165\"\/><\/p>\n<p class=\"c6\"><span class=\"c5\">Dans un communiqu\u00e9, le minist\u00e8re rel\u00e8ve qu\u2019au cours d\u2019une rencontre, vendredi \u00e0 Rabat, entre le ministre de l\u2019Int\u00e9rieur, M. Abdelouafi Laftit, accompagn\u00e9 du ministre d\u00e9l\u00e9gu\u00e9 aupr\u00e8s du ministre de l\u2019Int\u00e9rieur, M. Noureddine Boutayeb, et le ministre fran\u00e7ais de l\u2019Int\u00e9rieur, M. G\u00e9rald Darmanin, les deux responsables, qui se sont f\u00e9licit\u00e9s de l\u2019excellence des relations bilat\u00e9rales, ont pass\u00e9 en revue les volets aff\u00e9rents \u00e0 la coop\u00e9ration entre les minist\u00e8res de l\u2019Int\u00e9rieur des deux pays, notamment ceux ayant trait \u00e0 la lutte contre la migration irr\u00e9guli\u00e8re, le trafic des stup\u00e9fiants et le terrorisme.<\/span><\/p>\n<p class=\"c6\"><span class=\"c5\">Affirmant leur satisfaction par rapport aux efforts d\u00e9ploy\u00e9s, les deux ministres ont affich\u00e9 leur d\u00e9termination \u00e0 renforcer davantage la coop\u00e9ration s\u00e9curitaire, notamment \u00e0 travers l\u2019\u00e9change de renseignements et d\u2019expertises et la consolidation du cadre juridique r\u00e9gissant leur coop\u00e9ration dans ce domaine, ajoute la m\u00eame source.<\/span><\/p>\n<p class=\"c6\"><span class=\"c5\">\u00c0 l\u2019issue de cette rencontre, les deux ministres ont exprim\u00e9 leur volont\u00e9 de travailler \u00e9troitement en vue de renforcer la coop\u00e9ration s\u00e9curitaire entre le Maroc et la France, tant au niveau bilat\u00e9ral qu\u2019aux niveaux r\u00e9gional et multilat\u00e9ral, conclut le communiqu\u00e9.<\/span><\/p>\n<p>Auteur: ALM<br \/>\n<a href=\"https:\/\/aujourdhui.ma\/actualite\/le-maroc-et-la-france-determines-a-renforcer-davantage-la-cooperation-securitaire\">Cliquez ici pour lire l&rsquo;article depuis sa source.<\/a><\/p>\n","protected":false},"excerpt":{"rendered":"<p>Le Maroc et la France sont d\u00e9termin\u00e9s \u00e0 renforcer davantage leur coop\u00e9ration s\u00e9curitaire, notamment \u00e0 travers l\u2019\u00e9change de renseignements et d\u2019expertises et la consolidation du cadre juridique r\u00e9gissant leur coop\u00e9ration dans ce domaine, a indiqu\u00e9, vendredi, le minist\u00e8re de l\u2019Int\u00e9rieur. Dans un communiqu\u00e9, le minist\u00e8re rel\u00e8ve qu\u2019au cours d\u2019une rencontre, vendredi \u00e0 Rabat, entre le [&hellip;]<\/p>\n","protected":false},"author":1759,"featured_media":101877,"comment_status":"closed","ping_status":"closed","sticky":false,"template":"","format":"standard","meta":{"fifu_image_url":"","fifu_image_alt":"","footnotes":""},"categories":[73,54],"tags":[],"class_list":["post-101876","post","type-post","status-publish","format-standard","has-post-thumbnail","hentry","category-actualite","category-maroc"],"_links":{"self":[{"href":"https:\/\/linitiative.ca\/International\/wp-json\/wp\/v2\/posts\/101876","targetHints":{"allow":["GET"]}}],"collection":[{"href":"https:\/\/linitiative.ca\/International\/wp-json\/wp\/v2\/posts"}],"about":[{"href":"https:\/\/linitiative.ca\/International\/wp-json\/wp\/v2\/types\/post"}],"author":[{"embeddable":true,"href":"https:\/\/linitiative.ca\/International\/wp-json\/wp\/v2\/users\/1759"}],"replies":[{"embeddable":true,"href":"https:\/\/linitiative.ca\/International\/wp-json\/wp\/v2\/comments?post=101876"}],"version-history":[{"count":0,"href":"https:\/\/linitiative.ca\/International\/wp-json\/wp\/v2\/posts\/101876\/revisions"}],"wp:featuredmedia":[{"embeddable":true,"href":"https:\/\/linitiative.ca\/International\/wp-json\/"}],"wp:attachment":[{"href":"https:\/\/linitiative.ca\/International\/wp-json\/wp\/v2\/media?parent=101876"}],"wp:term":[{"taxonomy":"category","embeddable":true,"href":"https:\/\/linitiative.ca\/International\/wp-json\/wp\/v2\/categories?post=101876"},{"taxonomy":"post_tag","embeddable":true,"href":"https:\/\/linitiative.ca\/International\/wp-json\/wp\/v2\/tags?post=101876"}],"curies":[{"name":"wp","href":"https:\/\/api.w.org\/{rel}","templated":true}]}}