{"id":101878,"date":"2020-10-16T11:00:38","date_gmt":"2020-10-16T15:00:38","guid":{"rendered":"https:\/\/linitiative.ca\/International\/veritable-bouffee-doxygene-les-plages-dagadir-rouvertes\/"},"modified":"2020-10-16T11:00:38","modified_gmt":"2020-10-16T15:00:38","slug":"veritable-bouffee-doxygene-les-plages-dagadir-rouvertes","status":"publish","type":"post","link":"https:\/\/linitiative.ca\/International\/veritable-bouffee-doxygene-les-plages-dagadir-rouvertes\/","title":{"rendered":"V\u00e9ritable bouff\u00e9e d\u2019oxyg\u00e8ne : Les plages d\u2019Agadir rouvertes"},"content":{"rendered":"<header>\n<\/header>\n<div class=\"entry-content clearfix\" readability=\"60\"><img decoding=\"async\" class=\"post_layout_5_img\" src=\"http:\/\/aujourdhui.ma\/wp-content\/uploads\/2016\/09\/Plage-agadir.jpg\" alt=\"V&#xE9;ritable bouff&#xE9;e d&#x2019;oxyg&#xE8;ne : Les plages d&#x2019;Agadir rouvertes\"\/><\/p>\n<p><span class=\"c5\"><strong>Apr\u00e8s plus d\u2019un mois de fermeture, les plages d\u2019Agadir sont d\u00e9sormais rouvertes au grand public et aux touristes, ce qui redonne de l\u2019espoir aux h\u00f4teliers, surtout que la ville est une destination tr\u00e8s pris\u00e9e en hiver.<\/strong><\/span><\/p>\n<p><span id=\"more-358136\"\/><br \/>Enfin une bonne nouvelle et une bouff\u00e9e d\u2019oxyg\u00e8ne pour les op\u00e9rateurs touristiques de la ville d\u2019Agadir qui ont vu de bon \u0153il la d\u00e9cision tant attendue suite \u00e0 la fermeture de ces derni\u00e8res par le Comit\u00e9 de veille local justifi\u00e9e selon celui-ci par la hausse de cas de contaminations \u00e0 la Covid-19 et la d\u00e9gradation de la situation \u00e9pid\u00e9miologique dans la r\u00e9gion de Souss-Massa sans aucune consultation avec les professionnels \u00e0 peine soulag\u00e9s apr\u00e8s une forte affluence des touristes nationaux sur cette destination durant les mois de juillet et ao\u00fbt.<br \/>Ladite d\u00e9cision a constitu\u00e9 une pilule dure \u00e0 avaler pour les op\u00e9rateurs touristiques locaux surtout qu\u2019Agadir est une ville baln\u00e9aire internationalement connue par ses magnifiques plages et qui repr\u00e9sentent le principal produit touristique local sur lequel se base le marketing touristique de la r\u00e9gion qui cherche aujourd\u2019hui \u00e0 relancer les activit\u00e9s de toute la fili\u00e8re touristique apr\u00e8s avoir une travers\u00e9e du d\u00e9sert de plusieurs mois en raison de la pand\u00e9mie, et qui repr\u00e9sente la crise la plus grave au niveau de l\u2019histoire de la ville depuis 40 ans avec des impacts consid\u00e9rables qui ont touch\u00e9 toute la cha\u00eene de valeur touristique et des pertes financi\u00e8res cons\u00e9quentes.<\/p>\n<p>En effet, un petit saut dans la station touristique de Taghazout ou le village d\u2019Imsouane permet de constater de visu l\u2019impact de cette d\u00e9cision sur l\u2019activit\u00e9 touristique qui fait tourner toute la machine \u00e9conomique locale avec notamment des caf\u00e9s, restaurants, et boutiques pour louer du mat\u00e9riel du surf ferm\u00e9s en bloc, des moniteurs de surf et guides touristiques aux abois.<br \/>Quasi vides, les sites touristiques au nord d\u2019Agadir ont \u00e9t\u00e9 transform\u00e9s en zones fant\u00f4mes prises d\u2019assaut par les go\u00e9lands et les chiens errants. D\u2019ailleurs, la r\u00e9ouverture des plages a \u00e9t\u00e9 parmi les principales r\u00e9clamations des op\u00e9rateurs locaux pr\u00e9sent\u00e9es lors des r\u00e9unions de concertation et de coordination tenues depuis quelques jours \u00e0 l\u2019initiative du Conseil r\u00e9gional du tourisme d\u2019Agadir Souss-Massa et qui ont \u00e9galement dress\u00e9 une liste de dol\u00e9ances pr\u00e9sent\u00e9es \u00e0 la ministre du tourisme Nadia Fettah Alaoui lors d\u2019une rencontre de travail tenue \u00e0 Agadir. Cette d\u00e9cision intervient au moment opportun. La destination Agadir commence \u00e0 retrouver doucement son dynamisme apr\u00e8s l\u2019arriv\u00e9e de quelques groupes de touristes fran\u00e7ais chaleureusement accueillis suite \u00e0 l\u2019assouplissement des conditions d\u2019acc\u00e8s des touristes \u00e9trangers au Maroc, ainsi que l\u2019annonce du retour de la compagnie a\u00e9rienne Ryanair qui reprogramme d\u00e9sormais des vols directs entre la capitale du Souss et Bruxelles et Manchester.<\/p>\n<p>Tandis que le retour d\u2019autres transporteurs a\u00e9riens est pr\u00e9vu les prochains jours, ce qui ne manquera pas de donner de la visibilit\u00e9 aux acteurs touristiques locaux pour pouvoir reprendre progressivement leurs activit\u00e9s et revendre cette destination aupr\u00e8s des tour-op\u00e9rateurs.<\/p>\n<\/div>\n<p>Auteur: Mohamed Laabid<br \/>\n<a href=\"https:\/\/aujourdhui.ma\/societe\/veritable-bouffee-doxygene-les-plages-dagadir-rouvertes\">Cliquez ici pour lire l&rsquo;article depuis sa source.<\/a><\/p>\n","protected":false},"excerpt":{"rendered":"<p>Apr\u00e8s plus d\u2019un mois de fermeture, les plages d\u2019Agadir sont d\u00e9sormais rouvertes au grand public et aux touristes, ce qui redonne de l\u2019espoir aux h\u00f4teliers, surtout que la ville est une destination tr\u00e8s pris\u00e9e en hiver. Enfin une bonne nouvelle et une bouff\u00e9e d\u2019oxyg\u00e8ne pour les op\u00e9rateurs touristiques de la ville d\u2019Agadir qui ont vu [&hellip;]<\/p>\n","protected":false},"author":1759,"featured_media":101879,"comment_status":"closed","ping_status":"closed","sticky":false,"template":"","format":"standard","meta":{"fifu_image_url":"","fifu_image_alt":"","footnotes":""},"categories":[73,54],"tags":[],"class_list":["post-101878","post","type-post","status-publish","format-standard","has-post-thumbnail","hentry","category-actualite","category-maroc"],"_links":{"self":[{"href":"https:\/\/linitiative.ca\/International\/wp-json\/wp\/v2\/posts\/101878","targetHints":{"allow":["GET"]}}],"collection":[{"href":"https:\/\/linitiative.ca\/International\/wp-json\/wp\/v2\/posts"}],"about":[{"href":"https:\/\/linitiative.ca\/International\/wp-json\/wp\/v2\/types\/post"}],"author":[{"embeddable":true,"href":"https:\/\/linitiative.ca\/International\/wp-json\/wp\/v2\/users\/1759"}],"replies":[{"embeddable":true,"href":"https:\/\/linitiative.ca\/International\/wp-json\/wp\/v2\/comments?post=101878"}],"version-history":[{"count":0,"href":"https:\/\/linitiative.ca\/International\/wp-json\/wp\/v2\/posts\/101878\/revisions"}],"wp:featuredmedia":[{"embeddable":true,"href":"https:\/\/linitiative.ca\/International\/wp-json\/"}],"wp:attachment":[{"href":"https:\/\/linitiative.ca\/International\/wp-json\/wp\/v2\/media?parent=101878"}],"wp:term":[{"taxonomy":"category","embeddable":true,"href":"https:\/\/linitiative.ca\/International\/wp-json\/wp\/v2\/categories?post=101878"},{"taxonomy":"post_tag","embeddable":true,"href":"https:\/\/linitiative.ca\/International\/wp-json\/wp\/v2\/tags?post=101878"}],"curies":[{"name":"wp","href":"https:\/\/api.w.org\/{rel}","templated":true}]}}