{"id":101884,"date":"2020-10-16T04:52:09","date_gmt":"2020-10-16T08:52:09","guid":{"rendered":"https:\/\/linitiative.ca\/International\/lagriculture-et-la-securite-alimentaire-face-a-la-crise-covid-19\/"},"modified":"2020-10-16T04:52:09","modified_gmt":"2020-10-16T08:52:09","slug":"lagriculture-et-la-securite-alimentaire-face-a-la-crise-covid-19","status":"publish","type":"post","link":"https:\/\/linitiative.ca\/International\/lagriculture-et-la-securite-alimentaire-face-a-la-crise-covid-19\/","title":{"rendered":"L\u2019agriculture et la s\u00e9curit\u00e9 alimentaire face \u00e0 la crise Covid-19"},"content":{"rendered":"<h2>\u00ab\u00a0L\u2019agriculture et la s\u00e9curit\u00e9 alimentaire face \u00e0 la crise Covid-19\u00a0\u00bb est le th\u00e8me d\u2019un webinaire qui sera organis\u00e9, le<\/h2>\n<h2>16 octobre 2020, \u00e0 l\u2019initiative du Minist\u00e8re de l\u2019Agriculture des Ressources hydrauliques et de la P\u00eache maritime en<\/h2>\n<h2>partenariat avec l\u2019Organisation des Nations Unies pour l\u2019alimentation et l\u2019agriculture (<a href=\"http:\/\/www.fao.org\/home\/fr\/\" target=\"_blank\" rel=\"noopener noreferrer\">FAO<\/a>). Et ce \u00e0 l\u2019occasion de la<\/h2>\n<h2>c\u00e9l\u00e9bration de la journ\u00e9e mondiale de l\u2019alimentation.<\/h2>\n<p>Cet \u00e9v\u00e9nement a pour objectif principal d\u2019\u00e9valuer l\u2019impact de la crise sanitaire sur l\u2018agriculture. Il vise \u00e0 analyser les risques et la sensibilit\u00e9 du secteur agricole et de repenser les strat\u00e9gies visant \u00e0 assurer la s\u00e9curit\u00e9 alimentaire du pays.<\/p>\n<p>Selon les derni\u00e8res \u00e9tudes, pr\u00e8s de 690 millions de personnes souffrent de la faim dans le monde. Soit 10\u00a0 millions de plus qu\u2019en 2019. En fonction des sc\u00e9narios de croissance \u00e9conomique, la pand\u00e9mie de la\u00a0<a href=\"http:\/\/www.leconomistemaghrebin.com\/2020\/10\/15\/covid-19-le-nombre-des-deces-et-des-nouvelles-contaminations-augmente\/\" target=\"_blank\" rel=\"noopener noreferrer\">Covid-19<\/a>\u00a0pourrait venir grossir les rangs des affam\u00e9s de 83 \u00e0 132 millions d\u2019individus.<\/p>\n<p>La crise sanitaire mondiale de la Covid-19 a \u00e9t\u00e9 l\u2019occasion, ainsi, de r\u00e9fl\u00e9chir \u00e0 ce qui r\u00e9pond aux\u00a0 besoins les plus fondamentaux. En cette \u00e9volution sanitaire impr\u00e9vue, cette r\u00e9flexion a permis de red\u00e9couvrir la n\u00e9cessit\u00e9 absolue de la disponibilit\u00e9 de la nourriture.<\/p>\n<div class=\"wp-post-author-wrap wp-post-author-shortcode left\">\n<h3 class=\"awpa-title\"\/>\n<div class=\"wp-post-author\">\n<div class=\"awpa-img awpa-author-block square\"><a href=\"http:\/\/lexpertjournal.net\/fr\/?author=5\"><img loading=\"lazy\" decoding=\"async\" alt=\"\" src=\"http:\/\/0.gravatar.com\/avatar\/97f8e10a1c1125ba104a76514ee07b16?s=150&amp;d=mm&amp;r=g\" srcset=\"http:\/\/0.gravatar.com\/avatar\/97f8e10a1c1125ba104a76514ee07b16?s=300&amp;d=mm&amp;r=g 2x\" class=\"avatar avatar-150 photo\" height=\"150\" width=\"150\"\/><\/a><\/div>\n<\/div>\n<\/div>\n<aside class=\"mashsb-container mashsb-main mashsb-stretched\">\n<\/aside>\n<p>Auteur: L&rsquo;expert<br \/>\n<a href=\"http:\/\/lexpertjournal.net\/fr\/?p=17010\">Cliquez ici pour lire l&rsquo;article depuis sa source.<\/a><\/p>\n","protected":false},"excerpt":{"rendered":"<p>\u00ab\u00a0L\u2019agriculture et la s\u00e9curit\u00e9 alimentaire face \u00e0 la crise Covid-19\u00a0\u00bb est le th\u00e8me d\u2019un webinaire qui sera organis\u00e9, le 16 octobre 2020, \u00e0 l\u2019initiative du Minist\u00e8re de l\u2019Agriculture des Ressources hydrauliques et de la P\u00eache maritime en partenariat avec l\u2019Organisation des Nations Unies pour l\u2019alimentation et l\u2019agriculture (FAO). Et ce \u00e0 l\u2019occasion de la c\u00e9l\u00e9bration [&hellip;]<\/p>\n","protected":false},"author":1775,"featured_media":0,"comment_status":"closed","ping_status":"closed","sticky":false,"template":"","format":"standard","meta":{"fifu_image_url":"","fifu_image_alt":"","footnotes":""},"categories":[78,55],"tags":[],"class_list":["post-101884","post","type-post","status-publish","format-standard","hentry","category-economie","category-tunisie"],"_links":{"self":[{"href":"https:\/\/linitiative.ca\/International\/wp-json\/wp\/v2\/posts\/101884","targetHints":{"allow":["GET"]}}],"collection":[{"href":"https:\/\/linitiative.ca\/International\/wp-json\/wp\/v2\/posts"}],"about":[{"href":"https:\/\/linitiative.ca\/International\/wp-json\/wp\/v2\/types\/post"}],"author":[{"embeddable":true,"href":"https:\/\/linitiative.ca\/International\/wp-json\/wp\/v2\/users\/1775"}],"replies":[{"embeddable":true,"href":"https:\/\/linitiative.ca\/International\/wp-json\/wp\/v2\/comments?post=101884"}],"version-history":[{"count":0,"href":"https:\/\/linitiative.ca\/International\/wp-json\/wp\/v2\/posts\/101884\/revisions"}],"wp:attachment":[{"href":"https:\/\/linitiative.ca\/International\/wp-json\/wp\/v2\/media?parent=101884"}],"wp:term":[{"taxonomy":"category","embeddable":true,"href":"https:\/\/linitiative.ca\/International\/wp-json\/wp\/v2\/categories?post=101884"},{"taxonomy":"post_tag","embeddable":true,"href":"https:\/\/linitiative.ca\/International\/wp-json\/wp\/v2\/tags?post=101884"}],"curies":[{"name":"wp","href":"https:\/\/api.w.org\/{rel}","templated":true}]}}