{"id":101888,"date":"2020-10-16T05:37:12","date_gmt":"2020-10-16T09:37:12","guid":{"rendered":"https:\/\/linitiative.ca\/International\/rencontre-sur-la-valorisation-des-eaux-usees-a-sebt-gzoula\/"},"modified":"2020-10-16T05:37:12","modified_gmt":"2020-10-16T09:37:12","slug":"rencontre-sur-la-valorisation-des-eaux-usees-a-sebt-gzoula","status":"publish","type":"post","link":"https:\/\/linitiative.ca\/International\/rencontre-sur-la-valorisation-des-eaux-usees-a-sebt-gzoula\/","title":{"rendered":"Rencontre sur la valorisation des eaux us\u00e9es \u00e0 Sebt Gzoula"},"content":{"rendered":"<div class=\"single-featured\"><img alt=\"\" data-src=\"http:\/\/www.mapmarrakech.ma\/map\/uploads\/2020\/10\/rencontre-safi-copier.jpg\"\/><\/div>\n<div class=\"single-post-excerpt post-excerpt-bc\" readability=\"36\">\n<p>Safi \u2013 Une rencontre consacr\u00e9e \u00e0 la probl\u00e9matique du traitement et de la valorisation des eaux us\u00e9es dans la commune de Sebt Gzoula et les r\u00e9gions avoisinantes (Jamaat Shaim et Tlat Bouguedra) a \u00e9t\u00e9 organis\u00e9e, mercredi, au si\u00e8ge de la pr\u00e9fecture de la province de Safi.<\/p>\n<\/div>\n<div class=\"entry-content clearfix single-post-content\" readability=\"69\">\n<p>Lors de cette r\u00e9union pr\u00e9sid\u00e9e par le gouverneur de la province, Lahoucine Chaynane, en pr\u00e9sence des repr\u00e9sentants des diff\u00e9rents services concern\u00e9s, les participants ont examin\u00e9 plusieurs solutions pratiques \u00e0 la probl\u00e9matique de la mare des eaux us\u00e9es situ\u00e9e \u00e0 l\u2019ouest de la commune de Sebt Gzoula et \u00e0 ses impacts sur les plans sanitaire et environnemental.<\/p>\n<p>Dans un mot d\u2019orientation, M. Chaynane a appel\u00e9 \u00e0 trouver une solution rapide et pratique \u00e0 ce probl\u00e8me \u00e9cologique, dans l\u2019attente de la r\u00e9alisation du projet de l\u2019unit\u00e9 de traitement des eaux us\u00e9es dans les trois communes (Sebt Gzoula, Jamaat Shaim et Tlat Bouguedra), dont la supervision est assur\u00e9e par la R\u00e9gie autonome intercommunale de distribution d\u2019eau et d\u2019\u00e9lectricit\u00e9 de Safi (RADEES).<\/p>\n<p>De son c\u00f4t\u00e9, M. Youssef Karki, le repr\u00e9sentant de la soci\u00e9t\u00e9 canadienne \u00ab\u00a0Biowater\u00a0\u00bb, porteuse du projet, a pass\u00e9 en revue l\u2019exp\u00e9rience de la soci\u00e9t\u00e9 dans le traitement des probl\u00e9matiques de l\u2019assainissement liquide et les solutions op\u00e9rationnelles pour le probl\u00e8me du lac de Sebt Gzoula, \u00e0 travers l\u2019usage de la technique du traitement biochimique des eaux.<\/p>\n<p>Il s\u2019agit \u00e9galement du recours aux eaux extraites des puits souterraines et de l\u2019utilisation d\u2019un conteneur mobile pour le traitement des eaux us\u00e9es dans la r\u00e9gion de Sebt Gzoula et leur valorisation \u00e0 travers leur usage dans le domaine de l\u2019irrigation agricole ou leur r\u00e9utilisation \u00e0 des fins industrielles ou domestiques.<\/p>\n<p>Au terme de cette r\u00e9union, le gouverneur de la province a soulign\u00e9 l\u2019importance de la mobilisation collective de tous les services des conseils \u00e9lus concern\u00e9s et de l\u2019allocation des fonds n\u00e9cessaires pour la r\u00e9alisation de ce projet dans les plus brefs d\u00e9lais en tant que solution provisoire, en attendant la construction d\u2019une station de traitement des eaux us\u00e9es dans les trois communes.<\/p>\n<\/div>\n<p>Auteur: Meriem IGASS<br \/>\n<a href=\"http:\/\/www.mapmarrakech.ma\/fr\/rencontre-sur-la-valorisation-des-eaux-usees-a-sebt-gzoula\/\">Cliquez ici pour lire l&rsquo;article depuis sa source.<\/a><\/p>\n","protected":false},"excerpt":{"rendered":"<p>Safi \u2013 Une rencontre consacr\u00e9e \u00e0 la probl\u00e9matique du traitement et de la valorisation des eaux us\u00e9es dans la commune de Sebt Gzoula et les r\u00e9gions avoisinantes (Jamaat Shaim et Tlat Bouguedra) a \u00e9t\u00e9 organis\u00e9e, mercredi, au si\u00e8ge de la pr\u00e9fecture de la province de Safi. Lors de cette r\u00e9union pr\u00e9sid\u00e9e par le gouverneur de [&hellip;]<\/p>\n","protected":false},"author":1788,"featured_media":101889,"comment_status":"closed","ping_status":"closed","sticky":false,"template":"","format":"standard","meta":{"fifu_image_url":"","fifu_image_alt":"","footnotes":""},"categories":[54,76],"tags":[],"class_list":["post-101888","post","type-post","status-publish","format-standard","has-post-thumbnail","hentry","category-maroc","category-regions"],"_links":{"self":[{"href":"https:\/\/linitiative.ca\/International\/wp-json\/wp\/v2\/posts\/101888","targetHints":{"allow":["GET"]}}],"collection":[{"href":"https:\/\/linitiative.ca\/International\/wp-json\/wp\/v2\/posts"}],"about":[{"href":"https:\/\/linitiative.ca\/International\/wp-json\/wp\/v2\/types\/post"}],"author":[{"embeddable":true,"href":"https:\/\/linitiative.ca\/International\/wp-json\/wp\/v2\/users\/1788"}],"replies":[{"embeddable":true,"href":"https:\/\/linitiative.ca\/International\/wp-json\/wp\/v2\/comments?post=101888"}],"version-history":[{"count":0,"href":"https:\/\/linitiative.ca\/International\/wp-json\/wp\/v2\/posts\/101888\/revisions"}],"wp:featuredmedia":[{"embeddable":true,"href":"https:\/\/linitiative.ca\/International\/wp-json\/"}],"wp:attachment":[{"href":"https:\/\/linitiative.ca\/International\/wp-json\/wp\/v2\/media?parent=101888"}],"wp:term":[{"taxonomy":"category","embeddable":true,"href":"https:\/\/linitiative.ca\/International\/wp-json\/wp\/v2\/categories?post=101888"},{"taxonomy":"post_tag","embeddable":true,"href":"https:\/\/linitiative.ca\/International\/wp-json\/wp\/v2\/tags?post=101888"}],"curies":[{"name":"wp","href":"https:\/\/api.w.org\/{rel}","templated":true}]}}