{"id":101892,"date":"2020-10-16T12:56:45","date_gmt":"2020-10-16T16:56:45","guid":{"rendered":"https:\/\/linitiative.ca\/International\/visite-du-centre-hospitalier-provincial-de-rehamna\/"},"modified":"2020-10-16T12:56:45","modified_gmt":"2020-10-16T16:56:45","slug":"visite-du-centre-hospitalier-provincial-de-rehamna","status":"publish","type":"post","link":"https:\/\/linitiative.ca\/International\/visite-du-centre-hospitalier-provincial-de-rehamna\/","title":{"rendered":"Visite du centre hospitalier provincial de Rehamna"},"content":{"rendered":"<div readability=\"38\">\n<p>Benguerir (province de Rehamna) \u2013 Une commission relevant de la direction r\u00e9gionale de la sant\u00e9 de Marrakech-Safi a effectu\u00e9, jeudi, une visite au centre hospitalier provincial (CHP) de Rehamna, o\u00f9 elle a pris connaissance de l\u2019\u00e9tat d\u2019avancement des travaux d\u2019am\u00e9nagement de cette structure sanitaire.<\/p>\n<\/div>\n<div readability=\"77\">\n<p>La commission, compos\u00e9e de la directrice r\u00e9gionale de la sant\u00e9, Lamia Chakiri, de certains chefs de division \u00e0 ladite direction, du d\u00e9l\u00e9gu\u00e9 provincial de la sant\u00e9, Kamal Yansli, de la directrice du CHP, Bouchra Khadad et de la cheffe de la division \u00e9conomique et administrative \u00e0 la d\u00e9l\u00e9gation provinciale de la sant\u00e9, Houda Khayati, s\u2019est f\u00e9licit\u00e9e de ce projet qui aura des incidences positives sur l\u2019offre sanitaire et l\u2019am\u00e9lioration des prestations et de l\u2019acc\u00e8s aux soins de sant\u00e9 dans la province de Rehamna.<\/p>\n<p>Elle a aussi salu\u00e9 le changement op\u00e9r\u00e9 au sein du CHP, apr\u00e8s son renforcement en ressources humaines et cadres m\u00e9dicaux, dont des m\u00e9decins sp\u00e9cialistes, et son \u00e9quipement en mat\u00e9riels m\u00e9dicaux acquis avec le soutien de la pr\u00e9fecture de la province.<\/p>\n<p>Il s\u2019agit d\u2019\u00e9quipements biom\u00e9dicaux d\u00e9di\u00e9s \u00e0 la sant\u00e9 de la m\u00e8re et de l\u2019enfant, d\u2019appareils d\u2019analyse et d\u2019autres destin\u00e9s au bloc op\u00e9ratoire, ainsi que de respirateurs artificiels.<\/p>\n<p>A rappeler que le gouverneur de la province de Rehamna, Aziz Bouignane, a effectu\u00e9, mercredi dernier, une visite de terrain au chantier d\u2019am\u00e9nagement et d\u2019extension de cet h\u00f4pital o\u00f9 il s\u2019est enquis de l\u2019\u00e9tat d\u2019avancement des travaux de ce projet financ\u00e9 par le Conseil provincial.<\/p>\n<p>Ce projet consiste notamment en l\u2019am\u00e9nagement de trois espaces d\u2019accueil, la construction d\u2019un bureau de prise des rendez-vous, l\u2019extension du service des urgences, en plus de la r\u00e9alisation d\u2019une entr\u00e9e principale donnant sur l\u2019avenue Mohammed V afin d\u2019am\u00e9liorer la fluidit\u00e9 et de faciliter la circulation des ambulances.<\/p>\n<p>Ce chantier s\u2019inscrit dans le cadre du renforcement de l\u2019offre sanitaire dans la province et les r\u00e9gions avoisinantes et de l\u2019am\u00e9lioration des conditions d\u2019accueil des usagers et de la qualit\u00e9 de prise en charge des patients.<\/p>\n<\/div>\n<p>Auteur: Meriem IGASS<br \/>\n<a href=\"http:\/\/www.mapmarrakech.ma\/fr\/suivi-de-letat-davancement-des-travaux-damenagement-de-lhopital-provincial\/\">Cliquez ici pour lire l&rsquo;article depuis sa source.<\/a><\/p>\n","protected":false},"excerpt":{"rendered":"<p>Benguerir (province de Rehamna) \u2013 Une commission relevant de la direction r\u00e9gionale de la sant\u00e9 de Marrakech-Safi a effectu\u00e9, jeudi, une visite au centre hospitalier provincial (CHP) de Rehamna, o\u00f9 elle a pris connaissance de l\u2019\u00e9tat d\u2019avancement des travaux d\u2019am\u00e9nagement de cette structure sanitaire. La commission, compos\u00e9e de la directrice r\u00e9gionale de la sant\u00e9, Lamia [&hellip;]<\/p>\n","protected":false},"author":1788,"featured_media":0,"comment_status":"closed","ping_status":"closed","sticky":false,"template":"","format":"standard","meta":{"fifu_image_url":"","fifu_image_alt":"","footnotes":""},"categories":[54,76],"tags":[],"class_list":["post-101892","post","type-post","status-publish","format-standard","hentry","category-maroc","category-regions"],"_links":{"self":[{"href":"https:\/\/linitiative.ca\/International\/wp-json\/wp\/v2\/posts\/101892","targetHints":{"allow":["GET"]}}],"collection":[{"href":"https:\/\/linitiative.ca\/International\/wp-json\/wp\/v2\/posts"}],"about":[{"href":"https:\/\/linitiative.ca\/International\/wp-json\/wp\/v2\/types\/post"}],"author":[{"embeddable":true,"href":"https:\/\/linitiative.ca\/International\/wp-json\/wp\/v2\/users\/1788"}],"replies":[{"embeddable":true,"href":"https:\/\/linitiative.ca\/International\/wp-json\/wp\/v2\/comments?post=101892"}],"version-history":[{"count":0,"href":"https:\/\/linitiative.ca\/International\/wp-json\/wp\/v2\/posts\/101892\/revisions"}],"wp:attachment":[{"href":"https:\/\/linitiative.ca\/International\/wp-json\/wp\/v2\/media?parent=101892"}],"wp:term":[{"taxonomy":"category","embeddable":true,"href":"https:\/\/linitiative.ca\/International\/wp-json\/wp\/v2\/categories?post=101892"},{"taxonomy":"post_tag","embeddable":true,"href":"https:\/\/linitiative.ca\/International\/wp-json\/wp\/v2\/tags?post=101892"}],"curies":[{"name":"wp","href":"https:\/\/api.w.org\/{rel}","templated":true}]}}