{"id":101893,"date":"2020-10-16T13:17:02","date_gmt":"2020-10-16T17:17:02","guid":{"rendered":"https:\/\/linitiative.ca\/International\/reprise-de-la-priere-du-vendredi-apres-des-mois-de-suspension\/"},"modified":"2020-10-16T13:17:02","modified_gmt":"2020-10-16T17:17:02","slug":"reprise-de-la-priere-du-vendredi-apres-des-mois-de-suspension","status":"publish","type":"post","link":"https:\/\/linitiative.ca\/International\/reprise-de-la-priere-du-vendredi-apres-des-mois-de-suspension\/","title":{"rendered":"Reprise de la pri\u00e8re du vendredi apr\u00e8s des mois de suspension"},"content":{"rendered":"<div readability=\"37\">\n<p>Marrakech \u2013 Apr\u00e8s sept mois de suspension suite \u00e0 la propagation de la pand\u00e9mie de la Covid-19, l\u2019appel \u00e0 la pri\u00e8re du vendredi a retenti de nouveau dans les grandes mosqu\u00e9es de Marrakech, qui ont \u00e9t\u00e9 s\u00e9lectionn\u00e9es par la d\u00e9l\u00e9gation r\u00e9gionale des affaires islamiques pour l\u2019accomplissement de ce rite religieux.<\/p>\n<\/div>\n<div readability=\"113\">\n<p>Un appel \u00e0 la pri\u00e8re doubl\u00e9 d\u2019une grande joie dessin\u00e9e sur les visages des fid\u00e8les et des habitants de la cit\u00e9 ocre qui ont retrouv\u00e9 le chemin des \u00ab\u00a0Maisons de Dieu\u00a0\u00bb pour l\u2019accomplissement de la pri\u00e8re du vendredi dans un climat de pi\u00e9t\u00e9 et d\u2019all\u00e9gresse.<\/p>\n<p>Ainsi, \u00e0 la mosqu\u00e9e Koutoubia, la MAP a constat\u00e9 l\u2019afflux massif, en attendant l\u2019appel \u00e0 la pri\u00e8re, d\u2019un grand nombre de prieurs vers ce lieu de culte embl\u00e9matique, tout en faisant la queue pour la prise de temp\u00e9rature et la d\u00e9sinfection des mains avant l\u2019acc\u00e8s \u00e0 la salle de pri\u00e8re.<\/p>\n<p>Les fid\u00e8les ont respect\u00e9 scrupuleusement les mesures pr\u00e9ventives \u00e9dict\u00e9es par les autorit\u00e9s comp\u00e9tentes pour endiguer la propagation de la pand\u00e9mie et ce, en portant correctement leurs masques de protection, en apportant leurs tapis personnels de pri\u00e8re et en observant la distanciation physique \u00e0 travers le respect de la signal\u00e9tique mise en place \u00e0 l\u2019int\u00e9rieur de la mosqu\u00e9e.<\/p>\n<p>Une fois l\u2019appel \u00e0 la pri\u00e8re termin\u00e9, l\u2019imam de la mosqu\u00e9e a \u00e9nonc\u00e9 son pr\u00eache dans lequel il a mis l\u2019accent sur l\u2019attachement du croyant aux mosqu\u00e9es, ajoutant que cet attachement ind\u00e9fectible d\u00e9montre la force des liens spirituels unissant tout musulman au Tout-Puissant et que les mosqu\u00e9es sont \u00e9difi\u00e9es pour y accomplir les pri\u00e8res de mani\u00e8re collective.<\/p>\n<p>Il a aussi rappel\u00e9 que la fermeture des mosqu\u00e9es est intervenue sur la base de la fatwa \u00e9mise par le Conseil sup\u00e9rieur des oul\u00e9mas qui, en s\u2019inspirant des textes de la Charia, a soulign\u00e9 qu\u2019il est n\u00e9cessaire de prot\u00e9ger les corps et de faire pr\u00e9valoir l\u2019int\u00e9r\u00eat sur le pr\u00e9judice, et que parmi les conditions de la pri\u00e8re, notamment dans les mosqu\u00e9es, figure la qui\u00e9tude dans l\u2019accomplissement de cet acte religieux.<\/p>\n<p>Il est \u00e0 noter que la d\u00e9l\u00e9gation r\u00e9gionale des affaires islamiques \u00e0 Marrakech a pris, en coordination avec les autorit\u00e9s locales, tous les dispositifs n\u00e9cessaires pour l\u2019accomplissement de la pri\u00e8re du vendredi, y compris les mesures pr\u00e9ventives en vigueur.<\/p>\n<p>Dans une d\u00e9claration \u00e0 la MAP \u00e0 cette occasion, le d\u00e9l\u00e9gu\u00e9 r\u00e9gional des affaires islamiques, Abderrahim Baghezli, a indiqu\u00e9 que 180 sur 185 mosqu\u00e9es ont \u00e9t\u00e9 autoris\u00e9es pour y accomplir la pri\u00e8re du vendredi au niveau de la pr\u00e9fecture de Marrakech.<\/p>\n<p>La d\u00e9l\u00e9gation, a-t-il pr\u00e9cis\u00e9, a veill\u00e9 aussi \u00e0 sensibiliser les prieurs au respect strict des mesures de pr\u00e9caution en vigueur dans les mosqu\u00e9es, notant qu\u2019elle a men\u00e9, en \u00e9troite coordination avec les autorit\u00e9s provinciales et locales de la pr\u00e9fecture de Marrakech, une vaste op\u00e9ration pour la d\u00e9sinfection et le nettoyage des mosqu\u00e9es, de m\u00eame qu\u2019il a \u00e9t\u00e9 proc\u00e9d\u00e9 \u00e0 la formation de commissions locales charg\u00e9es de la prise de temp\u00e9rature devant les portes des mosqu\u00e9es et du contr\u00f4le de l\u2019entr\u00e9e \u00e0 ces lieux afin de s\u2019assurer du respect par les fid\u00e8les de toutes les mesures pr\u00e9ventives mises en place.<\/p>\n<p>De leur c\u00f4t\u00e9, plusieurs prieurs, qui ont afflu\u00e9 vers la mosqu\u00e9e Koutoubia et les autres \u00ab\u00a0Maisons de Dieu\u00a0\u00bb rouvertes au niveau de la ville, ont fait preuve d\u2019une grande prise de conscience et d\u2019un fort engagement quant \u00e0 l\u2019observation scrupuleuse des dispositifs de pr\u00e9vention pr\u00e9conis\u00e9s par les autorit\u00e9s comp\u00e9tentes pour stopper la propagation du nouveau coronavirus.<\/p>\n<p>Dans des d\u00e9clarations \u00e0 la MAP, ils ont salu\u00e9 la d\u00e9cision d\u2019ouvrir des mosqu\u00e9es suppl\u00e9mentaires et d\u2019y accomplir la pri\u00e8re du vendredi apr\u00e8s des mois de suspension, implorant le Tr\u00e8s-Haut de mettre fin \u00e0 cette pand\u00e9mie afin que la vie retrouve son cours normal.<\/p>\n<p>Selon la d\u00e9l\u00e9gation r\u00e9gionale des affaires islamiques, un total de 65 mosqu\u00e9es suppl\u00e9mentaires ont \u00e9t\u00e9 ouvertes au niveau de la pr\u00e9fecture de Marrakech, portant \u00e0 185 le nombre total des mosqu\u00e9es rouvertes dans cette partie du territoire de la r\u00e9gion de Marrakech-Safi.<\/p>\n<\/div>\n<p>Auteur: Meriem IGASS<br \/>\n<a href=\"http:\/\/www.mapmarrakech.ma\/fr\/reprise-de-la-priere-du-vendredi-apres-des-mois-de-suspension\/\">Cliquez ici pour lire l&rsquo;article depuis sa source.<\/a><\/p>\n","protected":false},"excerpt":{"rendered":"<p>Marrakech \u2013 Apr\u00e8s sept mois de suspension suite \u00e0 la propagation de la pand\u00e9mie de la Covid-19, l\u2019appel \u00e0 la pri\u00e8re du vendredi a retenti de nouveau dans les grandes mosqu\u00e9es de Marrakech, qui ont \u00e9t\u00e9 s\u00e9lectionn\u00e9es par la d\u00e9l\u00e9gation r\u00e9gionale des affaires islamiques pour l\u2019accomplissement de ce rite religieux. Un appel \u00e0 la pri\u00e8re [&hellip;]<\/p>\n","protected":false},"author":1788,"featured_media":0,"comment_status":"closed","ping_status":"closed","sticky":false,"template":"","format":"standard","meta":{"fifu_image_url":"","fifu_image_alt":"","footnotes":""},"categories":[54,76],"tags":[],"class_list":["post-101893","post","type-post","status-publish","format-standard","hentry","category-maroc","category-regions"],"_links":{"self":[{"href":"https:\/\/linitiative.ca\/International\/wp-json\/wp\/v2\/posts\/101893","targetHints":{"allow":["GET"]}}],"collection":[{"href":"https:\/\/linitiative.ca\/International\/wp-json\/wp\/v2\/posts"}],"about":[{"href":"https:\/\/linitiative.ca\/International\/wp-json\/wp\/v2\/types\/post"}],"author":[{"embeddable":true,"href":"https:\/\/linitiative.ca\/International\/wp-json\/wp\/v2\/users\/1788"}],"replies":[{"embeddable":true,"href":"https:\/\/linitiative.ca\/International\/wp-json\/wp\/v2\/comments?post=101893"}],"version-history":[{"count":0,"href":"https:\/\/linitiative.ca\/International\/wp-json\/wp\/v2\/posts\/101893\/revisions"}],"wp:attachment":[{"href":"https:\/\/linitiative.ca\/International\/wp-json\/wp\/v2\/media?parent=101893"}],"wp:term":[{"taxonomy":"category","embeddable":true,"href":"https:\/\/linitiative.ca\/International\/wp-json\/wp\/v2\/categories?post=101893"},{"taxonomy":"post_tag","embeddable":true,"href":"https:\/\/linitiative.ca\/International\/wp-json\/wp\/v2\/tags?post=101893"}],"curies":[{"name":"wp","href":"https:\/\/api.w.org\/{rel}","templated":true}]}}