{"id":101894,"date":"2020-10-16T06:48:01","date_gmt":"2020-10-16T10:48:01","guid":{"rendered":"https:\/\/linitiative.ca\/International\/khenchela-hausse-de-la-production-de-pommes-vers-la-conquete-des-marches-etrangers\/"},"modified":"2020-10-16T06:48:01","modified_gmt":"2020-10-16T10:48:01","slug":"khenchela-hausse-de-la-production-de-pommes-vers-la-conquete-des-marches-etrangers","status":"publish","type":"post","link":"https:\/\/linitiative.ca\/International\/khenchela-hausse-de-la-production-de-pommes-vers-la-conquete-des-marches-etrangers\/","title":{"rendered":"Khenchela: hausse de la production de pommes, vers la conqu\u00eate des march\u00e9s \u00e9trangers"},"content":{"rendered":"<div readability=\"35\">\n<p><strong>KHENCHELA &#8211; Une tendance haussi\u00e8re de la production de pommes a \u00e9t\u00e9 enregistr\u00e9e dans la wilaya de Khenchela ces cinq derni\u00e8res ann\u00e9es, poussant de nombreux op\u00e9rateurs \u00e0 ambitionner de conqu\u00e9rir les march\u00e9s \u00e9trangers \u00e0 dans un avenir proche.<\/strong><\/p>\n<\/div>\n<div readability=\"154.60541898439\">\n<p>En d\u00e9pit d&rsquo;obstacles majeurs au d\u00e9veloppement de la fili\u00e8re, \u00e0 savoir un probl\u00e8me d&rsquo;irrigation et le manque de filets anti-gr\u00eale, la direction locale des Services agricoles (DSA) pr\u00e9voit une production de 1,6 million de quintaux de pommes \u00e0 l&rsquo;issue de la r\u00e9colte 2020.<\/p>\n<p>La wilaya de khenchela s&rsquo;est hiss\u00e9e \u00ab\u00a0au rang de p\u00f4le d&rsquo;excellence\u00a0\u00bb en mati\u00e8re de production de pommes plus, particuli\u00e8rement dans les communes de Bouhmama, Lemsara, Chelia, Yabous, Taouzianet, El Rmila et Khirana, a indiqu\u00e9\u00a0 le directeur du secteur, Rachid Rahamnia.<\/p>\n<blockquote readability=\"9\">\n<p><em><strong>Ce dernier affiche son optimise quant \u00e0 l&rsquo;augmentation de la production durant les ann\u00e9es \u00e0 venir du fait, a-t-il soutenu,\u00a0 des nombreux nouveaux investissements inject\u00e9s dans la fili\u00e8re durant l&rsquo;actuelle saison agricole et l&rsquo;adoption de m\u00e9thodes de cultures intensives de pommiers.<\/strong><\/em><\/p>\n<\/blockquote>\n<p>A cet \u00e9gard, la DSA a appel\u00e9 les agriculteurs et les nouveaux investisseurs dans la fili\u00e8re pomme \u00e0 fonder des coop\u00e9ratives agricoles pour booster la production, r\u00e9duire les difficult\u00e9s et s&rsquo;assurer d&rsquo;acc\u00e9der aux diff\u00e9rents avantages qu&rsquo;accorde l&rsquo;Etat \u00e0 ce genre d&rsquo;entit\u00e9s, a expliqu\u00e9 M. Rahamnia.<\/p>\n<hr\/>\n<p><strong>Lire aussi:\u00a0<\/strong><a href=\"https:\/\/41.110.185.2\/proxy\/71de19b9\/http\/www.aps.dz\/regions\/104732-khenchela-lancement-de-deux-experiences-pilotes-de-culture-intensive-de-pommiers\">\u00a0Khenchela : lancement de deux exp\u00e9riences pilotes de culture intensive de pommiers<\/a><\/p>\n<hr\/>\n<p>C&rsquo;est dans cette optique que les agriculteurs ont b\u00e9n\u00e9fici\u00e9 au cours de la saison agricole 2019-2020 de nombreuses facilit\u00e9s pour le forage de puits profonds dans les da\u00efras de Bouhmama, Chechar et Kais, connues pour produire les meilleures vari\u00e9t\u00e9s de pommes.<\/p>\n<blockquote readability=\"11\">\n<p><em><strong>Aussi, pr\u00e8s de 300 autorisation de forage ont \u00e9t\u00e9 d\u00e9livr\u00e9es en 2020 pour la r\u00e9alisation de puits pouvant atteindre par endroit jusqu&rsquo;\u00e0 500 m\u00e8tres de profondeur, en plus du soutien aux agriculteurs pour l&rsquo;acquisition d&rsquo;\u00e9quipements d&rsquo;irrigation goutte \u00e0 goutte sur une surface d&rsquo;environ 1.500 hectares, a-t-on ajout\u00e9.<\/strong><\/em><\/p>\n<\/blockquote>\n<p>Avec cette production qualitative et quantitative, c&rsquo;est donc tout naturellement que l&rsquo;unique march\u00e9 de pommes \u00e0 l&rsquo;\u00e9chelle nationale, situ\u00e9 dans la commune de Bouhmama dans la wilaya de Khenchela, attire \u00e0 pr\u00e9sent des commer\u00e7ants venus des quatre coins du pays en t\u00e9moignent les plaques d&rsquo;immatriculation des camions, qui y affluent.\u00a0<\/p>\n<p>L&rsquo;un de ces commer\u00e7ants, Abdenour Ma\u00e2rouf affirme que malgr\u00e9 l&rsquo;\u00e9tat d\u00e9plorable dans lequel se trouve ce march\u00e9 et qui fait que les v\u00e9hicules ne peuvent y acc\u00e9der en temps de pluie, cet espace, qui ouvre chaque ann\u00e9e ses portes du mois d&rsquo;aout jusqu&rsquo;au novembre, a apport\u00e9 \u00ab\u00a0un nouvel \u00e9lan au<\/p>\n<p>d\u00e9veloppement de la r\u00e9gion\u00a0\u00bb, en cr\u00e9ant des postes d&#8217;emploi au profit des jeunes d&rsquo;une r\u00e9gion qui jusqu&rsquo;\u00e0 pass\u00e9 proche \u00e9tait compl\u00e8tement isol\u00e9e.<\/p>\n<p>Si les pommes produites dans la r\u00e9gion connaissent de belles performances \u00e9conomiques, il n&rsquo;en demeure pas moins que nombreux sont les agriculteurs qui d\u00e9noncent des carences du r\u00e9seau de distribution de l&rsquo;\u00e9lectricit\u00e9 rurale, lequel, selon eux, n&rsquo;est plus en mesure de r\u00e9pondre aux besoins notamment durant la p\u00e9riode d&rsquo;irrigation des arbres fruitiers en \u00e9t\u00e9.<\/p>\n<p>Des coupures de courant \u00e0 r\u00e9p\u00e9tition ont \u00e9t\u00e9 enregistr\u00e9es durant l&rsquo;\u00e9t\u00e9, perturbant le programme d&rsquo;irrigation et causant des pertes \u00e0 plusieurs pommeraies, s&rsquo;est plaint l&rsquo;agriculteur, Nabil Belhadj.<\/p>\n<p>Face aux dommages \u00e9conomiques subies, ce propri\u00e9taire d&rsquo;une exploitation agricole sp\u00e9cialis\u00e9e dans la production de pommes a appel\u00e9 les responsables de la direction de l&rsquo;Energie et la concession de distribution de gaz et d&rsquo;\u00e9lectricit\u00e9 \u00e0 doter la commune de Bouhmama d&rsquo;un transformateur \u00e9lectrique d&rsquo;une plus grande capacit\u00e9.<\/p>\n<p><strong>Culture intensive de pommiers pour davantage de production<\/strong><\/p>\n<p>Le pr\u00e9sident de la fili\u00e8re pomicole au conseil local interprofessionnel de l&rsquo;arboriculture fruiti\u00e8re, Yacine Nasri, a affirm\u00e9 que la production pourrait atteindre au cours des ann\u00e9es \u00e0 venir \u00ab\u00a0les trois millions de quintaux\/un, si les pomiculteurs adoptaient la culture intensive de pommiers selon la nouvelle m\u00e9thode polonaise\u00a0\u00bb.<\/p>\n<p>Ce bond dans la production de pomme permettra de conqu\u00e9rir les march\u00e9s \u00e9trangers, a pr\u00e9dit M. Nasri.<\/p>\n<blockquote readability=\"10\">\n<p><em><strong>\u00ab\u00a0Une exp\u00e9rience a \u00e9t\u00e9 men\u00e9e en avril dernier par deux investisseurs pour planter conform\u00e9ment \u00e0 la m\u00e9thode polonaise 12.000 arbres des vari\u00e9t\u00e9s Jeromine, Story et Granny Smith sur quatre hectares avec 1 m\u00e8tre de distance entre les arbres et 4 m\u00e8tres entre les rang\u00e9es d&rsquo;arbres\u00a0\u00bb, a-t-il rappel\u00e9.<\/strong><\/em><\/p>\n<\/blockquote>\n<p>Ce professionnel a expliqu\u00e9 que cette m\u00e9thode devrait permettre de produire pr\u00e8s de 200 quintaux par hectare lors de la deuxi\u00e8me ann\u00e9e et ce rendement augmentera \u00e0 600 quintaux l&rsquo;hectare \u00e0 partir de la troisi\u00e8me ann\u00e9e.<\/p>\n<p>Il a, par ailleurs, relev\u00e9 que la d\u00e9cision prise par le Premier minist\u00e8re et le minist\u00e8re du Commerce de suspendre l&rsquo;importation de pommes entre le 1er\u00a0 premier juin et le 30 mars de chaque ann\u00e9e a \u00e9t\u00e9 unanimement salu\u00e9e.<\/p>\n<blockquote readability=\"10\">\n<p><em><strong>\u00ab\u00a0Cette mesure a revigor\u00e9 la fili\u00e8re en permettant aux pomiculteurs locaux, qui \u00e9prouvaient des difficult\u00e9s \u00e0 commercialiser leurs produits et concurrencer les vari\u00e9t\u00e9s import\u00e9es, d&rsquo;entreprendre sereinement leurs activit\u00e9s\u00a0\u00bb, s&rsquo;est-il f\u00e9licit\u00e9.<\/strong><\/em><\/p>\n<\/blockquote>\n<p>De son c\u00f4t\u00e9, le pr\u00e9sident de la Chambre locale d&rsquo;agriculture, Mohamed Saadaoui, a fait \u00e9tat des efforts fournis par les diff\u00e9rents op\u00e9rateurs de la wilaya pour r\u00e9ussir la deuxi\u00e8me \u00e9dition de la f\u00eate nationale \u00ab\u00a0La pomme des Aur\u00e8s\u00a0\u00bb, pr\u00e9vu \u00e0 la fin du mois d&rsquo;octobre courant\u00a0 au centre de formation professionnelle \u00ab\u00a0Ferdji Mohamed\u00a0\u00bb dans la commune de Bouhmama, un \u00e9v\u00e8nement qui co\u00efncidera avec la c\u00e9l\u00e9bration de la Journ\u00e9e mondiale de l&rsquo;alimentation (16 octobre).<\/p>\n<\/div>\n<p>Auteur:<br \/>\n<a href=\"http:\/\/www.aps.dz\/regions\/111170-khenchela-hausse-de-la-production-de-pommes-vers-la-conquete-des-marches-etrangers\">Cliquez ici pour lire l&rsquo;article depuis sa source.<\/a><\/p>\n","protected":false},"excerpt":{"rendered":"<p>KHENCHELA &#8211; Une tendance haussi\u00e8re de la production de pommes a \u00e9t\u00e9 enregistr\u00e9e dans la wilaya de Khenchela ces cinq derni\u00e8res ann\u00e9es, poussant de nombreux op\u00e9rateurs \u00e0 ambitionner de conqu\u00e9rir les march\u00e9s \u00e9trangers \u00e0 dans un avenir proche. En d\u00e9pit d&rsquo;obstacles majeurs au d\u00e9veloppement de la fili\u00e8re, \u00e0 savoir un probl\u00e8me d&rsquo;irrigation et le manque [&hellip;]<\/p>\n","protected":false},"author":1790,"featured_media":0,"comment_status":"closed","ping_status":"closed","sticky":false,"template":"","format":"standard","meta":{"fifu_image_url":"","fifu_image_alt":"","footnotes":""},"categories":[53,76],"tags":[],"class_list":["post-101894","post","type-post","status-publish","format-standard","hentry","category-algerie","category-regions"],"_links":{"self":[{"href":"https:\/\/linitiative.ca\/International\/wp-json\/wp\/v2\/posts\/101894","targetHints":{"allow":["GET"]}}],"collection":[{"href":"https:\/\/linitiative.ca\/International\/wp-json\/wp\/v2\/posts"}],"about":[{"href":"https:\/\/linitiative.ca\/International\/wp-json\/wp\/v2\/types\/post"}],"author":[{"embeddable":true,"href":"https:\/\/linitiative.ca\/International\/wp-json\/wp\/v2\/users\/1790"}],"replies":[{"embeddable":true,"href":"https:\/\/linitiative.ca\/International\/wp-json\/wp\/v2\/comments?post=101894"}],"version-history":[{"count":0,"href":"https:\/\/linitiative.ca\/International\/wp-json\/wp\/v2\/posts\/101894\/revisions"}],"wp:attachment":[{"href":"https:\/\/linitiative.ca\/International\/wp-json\/wp\/v2\/media?parent=101894"}],"wp:term":[{"taxonomy":"category","embeddable":true,"href":"https:\/\/linitiative.ca\/International\/wp-json\/wp\/v2\/categories?post=101894"},{"taxonomy":"post_tag","embeddable":true,"href":"https:\/\/linitiative.ca\/International\/wp-json\/wp\/v2\/tags?post=101894"}],"curies":[{"name":"wp","href":"https:\/\/api.w.org\/{rel}","templated":true}]}}