{"id":101898,"date":"2020-10-16T13:22:28","date_gmt":"2020-10-16T17:22:28","guid":{"rendered":"https:\/\/linitiative.ca\/International\/laghouat-depart-dune-caravane-de-praticiens-benevoles-vers-les-zones-dombre\/"},"modified":"2020-10-16T13:22:28","modified_gmt":"2020-10-16T17:22:28","slug":"laghouat-depart-dune-caravane-de-praticiens-benevoles-vers-les-zones-dombre","status":"publish","type":"post","link":"https:\/\/linitiative.ca\/International\/laghouat-depart-dune-caravane-de-praticiens-benevoles-vers-les-zones-dombre\/","title":{"rendered":"Laghouat: d\u00e9part d\u2019une caravane de praticiens b\u00e9n\u00e9voles vers les zones d\u2019ombre"},"content":{"rendered":"<div readability=\"35\">\n<p><strong>LAGHOUAT &#8211; Une caravane de praticiens b\u00e9n\u00e9voles des Hauts plateaux et du Sud a pris le d\u00e9part vendredi de Laghouat vers les zones d\u2019ombre de cinq r\u00e9gions de la wilaya, a-t-on appris du directeur des programmes de d\u00e9veloppement du r\u00e9seau alg\u00e9rien des jeunes Mahiedine Harchaoui.<\/strong><\/p>\n<\/div>\n<div readability=\"83\">\n<p>Le wali de Laghouat Abdelkader Bradai a donn\u00e9 le d\u00e9part de la caravane dont le staff m\u00e9dical assurera des consultations gratuites dans les zones d\u2019ombre et enclav\u00e9es relevant des r\u00e9gions d\u2019Aflou, de Brida, de Bellil, d&rsquo;Ain-Madhi et de Ksar El-Hirane et leurs environs, a pr\u00e9cis\u00e9 M. Harchaoui.<\/p>\n<p>Organis\u00e9e \u00e0 l&rsquo;initiative du r\u00e9seau national des jeunes, en coordination avec le secteur de la Sant\u00e9, de la Population et de la R\u00e9forme hospitali\u00e8re, la caravane qui sillonnera ces r\u00e9gions permettra aux praticiens de mener des consultations \u00e0 titre gracieux aux populations des zones d&rsquo;ombre et des zones \u00e9parses, \u00e9loign\u00e9es des grandes structures hospitali\u00e8res, a-t-il pr\u00e9cis\u00e9.<\/p>\n<p>Touchant divers domaines, dont la m\u00e9decine g\u00e9n\u00e9rale, la cardiologie, l\u2019ophtalmologie, l\u2019endocrinologie, la diab\u00e9tologie, en plus des analyses m\u00e9dicales, l\u2019op\u00e9ration est pilot\u00e9e par des praticiens sp\u00e9cialistes en chirurgie g\u00e9n\u00e9rale, p\u00e9diatrie, orthop\u00e9die, ophtalmologie, gyn\u00e9cologie-obst\u00e9trique, n\u00e9phrologie-urologie et neurologie, a d\u00e9taill\u00e9 M. Harchaoui.<\/p>\n<p>L\u2019initiative est aussi l\u2019occasion de prendre connaissance des maladies r\u00e9pandues dans les zones d\u2019ombre et faciliter leur traitement, a affirm\u00e9 Dr. Ahlem Thabet (m\u00e9decin-g\u00e9n\u00e9raliste) qui s\u2019est dite \u00ab\u00a0heureuse\u00a0\u00bb de contribuer \u00e0 cette action humanitaire et de solidarit\u00e9, appelant, au passage, ses confr\u00e8res et cons\u0153urs a apporter leur aide aux populations dans les zones enclav\u00e9es \u00e0 travers le pays, notamment dans le Grand Sud, du fait de leur \u00e9loignement.<\/p>\n<p>Lanc\u00e9e vendredi, l\u2019op\u00e9ration devra se poursuivre jusqu\u2019au 20 octobre courant, ont indiqu\u00e9 les organisateurs.<\/p>\n<\/div>\n<p>Auteur:<br \/>\n<a href=\"http:\/\/www.aps.dz\/regions\/111187-laghouat-depart-d-une-caravane-de-praticiens-benevoles-vers-les-zones-d-ombre\">Cliquez ici pour lire l&rsquo;article depuis sa source.<\/a><\/p>\n","protected":false},"excerpt":{"rendered":"<p>LAGHOUAT &#8211; Une caravane de praticiens b\u00e9n\u00e9voles des Hauts plateaux et du Sud a pris le d\u00e9part vendredi de Laghouat vers les zones d\u2019ombre de cinq r\u00e9gions de la wilaya, a-t-on appris du directeur des programmes de d\u00e9veloppement du r\u00e9seau alg\u00e9rien des jeunes Mahiedine Harchaoui. Le wali de Laghouat Abdelkader Bradai a donn\u00e9 le d\u00e9part [&hellip;]<\/p>\n","protected":false},"author":1790,"featured_media":0,"comment_status":"closed","ping_status":"closed","sticky":false,"template":"","format":"standard","meta":{"fifu_image_url":"","fifu_image_alt":"","footnotes":""},"categories":[53,76],"tags":[],"class_list":["post-101898","post","type-post","status-publish","format-standard","hentry","category-algerie","category-regions"],"_links":{"self":[{"href":"https:\/\/linitiative.ca\/International\/wp-json\/wp\/v2\/posts\/101898","targetHints":{"allow":["GET"]}}],"collection":[{"href":"https:\/\/linitiative.ca\/International\/wp-json\/wp\/v2\/posts"}],"about":[{"href":"https:\/\/linitiative.ca\/International\/wp-json\/wp\/v2\/types\/post"}],"author":[{"embeddable":true,"href":"https:\/\/linitiative.ca\/International\/wp-json\/wp\/v2\/users\/1790"}],"replies":[{"embeddable":true,"href":"https:\/\/linitiative.ca\/International\/wp-json\/wp\/v2\/comments?post=101898"}],"version-history":[{"count":0,"href":"https:\/\/linitiative.ca\/International\/wp-json\/wp\/v2\/posts\/101898\/revisions"}],"wp:attachment":[{"href":"https:\/\/linitiative.ca\/International\/wp-json\/wp\/v2\/media?parent=101898"}],"wp:term":[{"taxonomy":"category","embeddable":true,"href":"https:\/\/linitiative.ca\/International\/wp-json\/wp\/v2\/categories?post=101898"},{"taxonomy":"post_tag","embeddable":true,"href":"https:\/\/linitiative.ca\/International\/wp-json\/wp\/v2\/tags?post=101898"}],"curies":[{"name":"wp","href":"https:\/\/api.w.org\/{rel}","templated":true}]}}