{"id":101899,"date":"2020-10-15T17:40:52","date_gmt":"2020-10-15T21:40:52","guid":{"rendered":"https:\/\/linitiative.ca\/International\/mise-en-service-de-deux-nouveaux-etablissements-penitentiaires\/"},"modified":"2020-10-15T17:40:52","modified_gmt":"2020-10-15T21:40:52","slug":"mise-en-service-de-deux-nouveaux-etablissements-penitentiaires","status":"publish","type":"post","link":"https:\/\/linitiative.ca\/International\/mise-en-service-de-deux-nouveaux-etablissements-penitentiaires\/","title":{"rendered":"Mise en service de deux nouveaux \u00e9tablissements p\u00e9nitentiaires"},"content":{"rendered":"<p class=\"c4\">Deux nouveaux \u00e9tablissements p\u00e9nitentiaires, \u00e0 savoir la prison locale de Larache 2 et la prison locale de Oujda 2, ont \u00e9t\u00e9 mis en service, jeudi, a annonc\u00e9 la D\u00e9l\u00e9gation g\u00e9n\u00e9rale \u00e0 l\u2019administration p\u00e9nitentiaire et \u00e0 la r\u00e9insertion (DGAPR).<\/p>\n<p class=\"c4\">La prison locale Larache 2 a \u00e9t\u00e9 mise en service officiellement et a commenc\u00e9 \u00e0 accueillir les d\u00e9tenus transf\u00e9r\u00e9s d\u2019autres \u00e9tablissements p\u00e9nitentiaires, a indiqu\u00e9 la DGAPR dans un communiqu\u00e9.<\/p>\n<p class=\"c4\">Cette prison, \u00e9rig\u00e9e sur une superficie de plus de 47.000 m\u00e8tres carr\u00e9s, est d\u2019une capacit\u00e9 de 1.500 lits r\u00e9partis sur sept quartiers, a ajout\u00e9 la m\u00eame source, notant qu\u2019elle comprend une aile p\u00e9dagogique compos\u00e9e de six salles de cours, de cinq ateliers de formation professionnelle dans des m\u00e9tiers adapt\u00e9s aux exigences du march\u00e9 de l\u2019emploi, outre une salle d\u00e9di\u00e9e aux visites familiales.<\/p>\n<p class=\"c4\">Cette prison a \u00e9t\u00e9 con\u00e7ue dans le respect des standards internationaux relatifs aux droits de l\u2019Homme, particuli\u00e8rement en ce qui concerne l\u2019accueil des diff\u00e9rentes cat\u00e9gories de d\u00e9tenus en vue de leur r\u00e9insertion apr\u00e8s leur lib\u00e9ration, a soulign\u00e9 le communiqu\u00e9.<\/p>\n<p class=\"c4\">Elle dispose aussi d\u2019un logement administratif de plus de 10.000 m\u00e8tres carr\u00e9s qui comprend 88 appartements consacr\u00e9s au staff administratif et aux fonctionnaires de l\u2019\u00e9tablissement et leurs familles, ce qui garantit le fonctionnement normal des diff\u00e9rentes d\u00e9pendances qui en rel\u00e8vent, a ajout\u00e9 la m\u00eame source.<\/p>\n<p class=\"c4\">Par ailleurs, la prison locale de Oujda 2 a commenc\u00e9 \u00e0 accueillir ce jeudi de nouveaux d\u00e9tenus venus des \u00e9tablissements p\u00e9nitentiaires avoisinants, a fait savoir la DGAPR, relevant que cette nouvelle structure, d\u2019une superficie de 4,5 hectares, dispose d\u2019une capacit\u00e9 d\u2019accueil de 1.400 lits r\u00e9partis sur 12 quartiers.<\/p>\n<p class=\"c4\">La prison locale de Oujda 2 dispose d\u2019un quartier d\u00e9di\u00e9 aux femmes et aux d\u00e9tenues avec enfants ainsi qu\u2019un autre consacr\u00e9 aux mineurs outre une salle des visites familiales, une clinique multidisciplinaire et une aile p\u00e9dagogique comprenant des salles d\u2019enseignement et de formation professionnelle.<\/p>\n<p>Auteur: Soufiane ELAHMAR<br \/>\n<a href=\"http:\/\/www.mapoujda.ma\/fr\/mise-en-service-de-deux-nouveaux-etablissements-penitentiaires\/\">Cliquez ici pour lire l&rsquo;article depuis sa source.<\/a><\/p>\n","protected":false},"excerpt":{"rendered":"<p>Deux nouveaux \u00e9tablissements p\u00e9nitentiaires, \u00e0 savoir la prison locale de Larache 2 et la prison locale de Oujda 2, ont \u00e9t\u00e9 mis en service, jeudi, a annonc\u00e9 la D\u00e9l\u00e9gation g\u00e9n\u00e9rale \u00e0 l\u2019administration p\u00e9nitentiaire et \u00e0 la r\u00e9insertion (DGAPR). La prison locale Larache 2 a \u00e9t\u00e9 mise en service officiellement et a commenc\u00e9 \u00e0 accueillir les [&hellip;]<\/p>\n","protected":false},"author":1788,"featured_media":0,"comment_status":"closed","ping_status":"closed","sticky":false,"template":"","format":"standard","meta":{"fifu_image_url":"","fifu_image_alt":"","footnotes":""},"categories":[54,76],"tags":[],"class_list":["post-101899","post","type-post","status-publish","format-standard","hentry","category-maroc","category-regions"],"_links":{"self":[{"href":"https:\/\/linitiative.ca\/International\/wp-json\/wp\/v2\/posts\/101899","targetHints":{"allow":["GET"]}}],"collection":[{"href":"https:\/\/linitiative.ca\/International\/wp-json\/wp\/v2\/posts"}],"about":[{"href":"https:\/\/linitiative.ca\/International\/wp-json\/wp\/v2\/types\/post"}],"author":[{"embeddable":true,"href":"https:\/\/linitiative.ca\/International\/wp-json\/wp\/v2\/users\/1788"}],"replies":[{"embeddable":true,"href":"https:\/\/linitiative.ca\/International\/wp-json\/wp\/v2\/comments?post=101899"}],"version-history":[{"count":0,"href":"https:\/\/linitiative.ca\/International\/wp-json\/wp\/v2\/posts\/101899\/revisions"}],"wp:attachment":[{"href":"https:\/\/linitiative.ca\/International\/wp-json\/wp\/v2\/media?parent=101899"}],"wp:term":[{"taxonomy":"category","embeddable":true,"href":"https:\/\/linitiative.ca\/International\/wp-json\/wp\/v2\/categories?post=101899"},{"taxonomy":"post_tag","embeddable":true,"href":"https:\/\/linitiative.ca\/International\/wp-json\/wp\/v2\/tags?post=101899"}],"curies":[{"name":"wp","href":"https:\/\/api.w.org\/{rel}","templated":true}]}}