{"id":101921,"date":"2020-10-16T10:34:00","date_gmt":"2020-10-16T14:34:00","guid":{"rendered":"https:\/\/linitiative.ca\/International\/tiaret-saisie-de-plus-de-120-000-unites-de-petards-a-frenda\/"},"modified":"2020-10-16T10:34:00","modified_gmt":"2020-10-16T14:34:00","slug":"tiaret-saisie-de-plus-de-120-000-unites-de-petards-a-frenda","status":"publish","type":"post","link":"https:\/\/linitiative.ca\/International\/tiaret-saisie-de-plus-de-120-000-unites-de-petards-a-frenda\/","title":{"rendered":"TIARET : Saisie de plus de 120.000 unit\u00e9s de p\u00e9tards \u00e0 Frenda"},"content":{"rendered":"<p><br id=\"sep_para_1\" class=\"sep_para access\"\/><\/p>\n<div id=\"para_1\" class=\"para_39047322 resize\">\n<div class=\"texte access firstletter\">Dans le cadre de lutte contre le march\u00e9 informel et\u00a0 le commerce illicite de produits portant atteinte \u00e0 la sant\u00e9 de la population ,les \u00e9l\u00e9ments de la PJ de la s\u00fbret\u00e9 de wilaya de Tiaret, en collaboration avec ceux\u00a0 de la brigade mobile de la PJ ,relevant de la s\u00fbret\u00e9 de Frenda, \u00e0 50 km du chef-lieu de wilaya de Tiaret, lors d&rsquo;une patrouille combin\u00e9e ,ont arr\u00eat\u00e9 le d\u00e9nomm\u00e9 ,M.A ,\u00e2g\u00e9 de 25 ans , qui exposait sa marchandise ,illustr\u00e9e de p\u00e9tards ,toutes formes et toutes cat\u00e9gories , sur un trottoir ,sans aucune documentation justifiant l&rsquo;activit\u00e9 .Une grande quantit\u00e9 de p\u00e9tards estim\u00e9e \u00e0 121.160 unit\u00e9s a \u00e9t\u00e9 saisie, ,lit-on dans un communiqu\u00e9 adress\u00e9 \u00e0 notre r\u00e9daction ,par les services de communication ,relevant de la s\u00fbret\u00e9 de wilaya de Tiaret. Pr\u00e9sent\u00e9 par devant le magistrat-instructeur, pr\u00e8s le tribunal de Frenda, lors d&rsquo;une comparution directe ,le mis en cause a \u00e9t\u00e9 plac\u00e9 sous contr\u00f4le judiciaire ,pr\u00e9cise le communiqu\u00e9.\u00a0\u00a0\u00a0\u00a0\u00a0\u00a0\u00a0\u00a0\u00a0\u00a0\u00a0\u00a0\u00a0\u00a0\u00a0\u00a0\u00a0\u00a0\u00a0\u00a0\u00a0\u00a0\u00a0\u00a0\u00a0\u00a0\u00a0\u00a0\u00a0\u00a0\u00a0\u00a0<\/div>\n<\/div>\n<p>Auteur: Abdelkader Benrebiha<br \/>\n<a href=\"https:\/\/www.reflexiondz.net\/TIARET-Saisie-de-plus-de-120-000-unites-de-petards-a-Frenda_a65791.html\">Cliquez ici pour lire l&rsquo;article depuis sa source.<\/a><\/p>\n","protected":false},"excerpt":{"rendered":"<p>Dans le cadre de lutte contre le march\u00e9 informel et\u00a0 le commerce illicite de produits portant atteinte \u00e0 la sant\u00e9 de la population ,les \u00e9l\u00e9ments de la PJ de la s\u00fbret\u00e9 de wilaya de Tiaret, en collaboration avec ceux\u00a0 de la brigade mobile de la PJ ,relevant de la s\u00fbret\u00e9 de Frenda, \u00e0 50 km [&hellip;]<\/p>\n","protected":false},"author":1740,"featured_media":0,"comment_status":"closed","ping_status":"closed","sticky":false,"template":"","format":"standard","meta":{"fifu_image_url":"","fifu_image_alt":"","footnotes":""},"categories":[53,76],"tags":[],"class_list":["post-101921","post","type-post","status-publish","format-standard","hentry","category-algerie","category-regions"],"_links":{"self":[{"href":"https:\/\/linitiative.ca\/International\/wp-json\/wp\/v2\/posts\/101921","targetHints":{"allow":["GET"]}}],"collection":[{"href":"https:\/\/linitiative.ca\/International\/wp-json\/wp\/v2\/posts"}],"about":[{"href":"https:\/\/linitiative.ca\/International\/wp-json\/wp\/v2\/types\/post"}],"author":[{"embeddable":true,"href":"https:\/\/linitiative.ca\/International\/wp-json\/wp\/v2\/users\/1740"}],"replies":[{"embeddable":true,"href":"https:\/\/linitiative.ca\/International\/wp-json\/wp\/v2\/comments?post=101921"}],"version-history":[{"count":0,"href":"https:\/\/linitiative.ca\/International\/wp-json\/wp\/v2\/posts\/101921\/revisions"}],"wp:attachment":[{"href":"https:\/\/linitiative.ca\/International\/wp-json\/wp\/v2\/media?parent=101921"}],"wp:term":[{"taxonomy":"category","embeddable":true,"href":"https:\/\/linitiative.ca\/International\/wp-json\/wp\/v2\/categories?post=101921"},{"taxonomy":"post_tag","embeddable":true,"href":"https:\/\/linitiative.ca\/International\/wp-json\/wp\/v2\/tags?post=101921"}],"curies":[{"name":"wp","href":"https:\/\/api.w.org\/{rel}","templated":true}]}}