{"id":101922,"date":"2020-10-16T10:34:00","date_gmt":"2020-10-16T14:34:00","guid":{"rendered":"https:\/\/linitiative.ca\/International\/le-ministre-arkab-affirme-letat-est-determine-a-relancer-lactivite-miniere\/"},"modified":"2020-10-16T10:34:00","modified_gmt":"2020-10-16T14:34:00","slug":"le-ministre-arkab-affirme-letat-est-determine-a-relancer-lactivite-miniere","status":"publish","type":"post","link":"https:\/\/linitiative.ca\/International\/le-ministre-arkab-affirme-letat-est-determine-a-relancer-lactivite-miniere\/","title":{"rendered":"LE MINISTRE ARKAB AFFIRME   : L\u2019Etat est d\u00e9termin\u00e9 \u00e0 relancer l\u2019activit\u00e9 mini\u00e8re"},"content":{"rendered":"<p><br id=\"sep_para_1\" class=\"sep_para access\"\/><\/p>\n<div id=\"para_1\" class=\"para_39047542 resize\">\n<div class=\"texte access firstletter\">Dans une conf\u00e9rence de presse, \u00e0 l\u2019unit\u00e9 de marbre de la commune de Skikda, le ministre M. Arkab a pr\u00e9cis\u00e9 que\u00a0 \u2018\u2019Les moyens et les ressources financi\u00e8res n\u00e9cessaires sont disponibles pour redynamiser le secteur des mines \u00e0 travers le pays et la production de la mati\u00e8re premi\u00e8re\u2019\u2019, affirmant que l\u2019Etat \u2018\u2019ne m\u00e9nagera aucun effort pour relancer cette activit\u00e9 et r\u00e9duire la facture de l\u2019importation\u2019\u2019. \u2018\u2019L\u2019Alg\u00e9rie importe actuellement 31 mati\u00e8res min\u00e9rales, m\u00e9talliques et autres pour un co\u00fbt de 1 milliard de dollar puis\u00e9 du tr\u00e9sor public, alors que le pays dispose de beaucoup de mines non exploit\u00e9es et qui seront relanc\u00e9es pour la production de la mati\u00e8re premi\u00e8re et\u00a0 permettront de cr\u00e9er de nouveaux postes d\u2019emploi\u2019\u2019, a soulign\u00e9 le ministre. La redynamisation du secteur minier s\u2019inscrit dans le cadre du programme Du gouvernement pour la diversification de l\u2019\u00e9conomie, a ajout\u00e9 le ministre, faisant \u00e9tat, \u00e0 ce titre, de la mise en place d\u2019une feuille de route devant permettre de r\u00e9viser la loi des mines qui doit \u00eatre, a-t-il soutenu\u00a0 \u2018\u2019plus attractive pour les investissement et les investisseurs\u2019\u2019. Le ministre a fait \u00e9tat \u00e9galement de la relance de l\u2019activit\u00e9 des mines en souffrance et \u00e0 l\u2019arr\u00eat pour appuyer la production de la mati\u00e8re premi\u00e8re n\u00e9cessaire en plus de la r\u00e9vision de la cartographie g\u00e9ologique ainsi que\u00a0 la formation et la mise \u00e0 niveau de la ressource humaine. A la carri\u00e8re de marbre de la commune Filfila, de Skikda dont l\u2019exploitation reste en de\u00e7\u00e0 des attentes, en raison des probl\u00e8mes auxquels fait face l\u2019entreprise charg\u00e9e la gestion, M. Arkab a affirm\u00e9 que son secteur \u2018\u2019fera appel \u00e0 des techniciens \u00e9trangers\u00a0 pour optimiser la production dans cette mine\u2019\u2019. Le ministre a relev\u00e9 qu\u2019un plan d\u2019action sera mis en place \u2018\u2019avant fin d\u00e9cembre 2020 en vue de r\u00e9soudre toutes les difficult\u00e9s soulev\u00e9es\u2019\u2019. La carri\u00e8re de marbre de Skikda dispose de \u2018\u2019vari\u00e9t\u00e9 de marbre de la meilleure qualit\u00e9\u2019\u2019, a estim\u00e9 le ministre, affirmant que son d\u00e9partement s\u2019att\u00e8le actuellement \u00e0 \u00e9tudier les moyens \u00e0 mettre en place pour augmenter la production qui a atteint en 2019, pr\u00e9s de 11.000 m3.<\/div>\n<\/div>\n<p>Auteur: Ismain<br \/>\n<a href=\"https:\/\/www.reflexiondz.net\/LE-MINISTRE-ARKAB-AFFIRME-L-Etat-est-determine-a-relancer-l-activite-miniere_a65800.html\">Cliquez ici pour lire l&rsquo;article depuis sa source.<\/a><\/p>\n","protected":false},"excerpt":{"rendered":"<p>Dans une conf\u00e9rence de presse, \u00e0 l\u2019unit\u00e9 de marbre de la commune de Skikda, le ministre M. Arkab a pr\u00e9cis\u00e9 que\u00a0 \u2018\u2019Les moyens et les ressources financi\u00e8res n\u00e9cessaires sont disponibles pour redynamiser le secteur des mines \u00e0 travers le pays et la production de la mati\u00e8re premi\u00e8re\u2019\u2019, affirmant que l\u2019Etat \u2018\u2019ne m\u00e9nagera aucun effort pour [&hellip;]<\/p>\n","protected":false},"author":1740,"featured_media":0,"comment_status":"closed","ping_status":"closed","sticky":false,"template":"","format":"standard","meta":{"fifu_image_url":"","fifu_image_alt":"","footnotes":""},"categories":[53,76],"tags":[],"class_list":["post-101922","post","type-post","status-publish","format-standard","hentry","category-algerie","category-regions"],"_links":{"self":[{"href":"https:\/\/linitiative.ca\/International\/wp-json\/wp\/v2\/posts\/101922","targetHints":{"allow":["GET"]}}],"collection":[{"href":"https:\/\/linitiative.ca\/International\/wp-json\/wp\/v2\/posts"}],"about":[{"href":"https:\/\/linitiative.ca\/International\/wp-json\/wp\/v2\/types\/post"}],"author":[{"embeddable":true,"href":"https:\/\/linitiative.ca\/International\/wp-json\/wp\/v2\/users\/1740"}],"replies":[{"embeddable":true,"href":"https:\/\/linitiative.ca\/International\/wp-json\/wp\/v2\/comments?post=101922"}],"version-history":[{"count":0,"href":"https:\/\/linitiative.ca\/International\/wp-json\/wp\/v2\/posts\/101922\/revisions"}],"wp:attachment":[{"href":"https:\/\/linitiative.ca\/International\/wp-json\/wp\/v2\/media?parent=101922"}],"wp:term":[{"taxonomy":"category","embeddable":true,"href":"https:\/\/linitiative.ca\/International\/wp-json\/wp\/v2\/categories?post=101922"},{"taxonomy":"post_tag","embeddable":true,"href":"https:\/\/linitiative.ca\/International\/wp-json\/wp\/v2\/tags?post=101922"}],"curies":[{"name":"wp","href":"https:\/\/api.w.org\/{rel}","templated":true}]}}