{"id":101923,"date":"2020-10-16T04:30:00","date_gmt":"2020-10-16T08:30:00","guid":{"rendered":"https:\/\/linitiative.ca\/International\/deces-de-mohamed-moncef-ksibi\/"},"modified":"2020-10-16T04:30:00","modified_gmt":"2020-10-16T08:30:00","slug":"deces-de-mohamed-moncef-ksibi","status":"publish","type":"post","link":"https:\/\/linitiative.ca\/International\/deces-de-mohamed-moncef-ksibi\/","title":{"rendered":"D\u00e9c\u00e8s de Mohamed Moncef Ksibi"},"content":{"rendered":"<p><span class=\"c2\">On apprend le d\u00e9c\u00e8s de <a href=\"https:\/\/ar.leaders.com.tn\/article\/0038-%D9%85%D8%AD%D9%85%D8%AF-%D8%A7%D9%84%D9%85%D9%86%D8%B5%D9%81-%D8%A7%D9%84%D9%82%D8%B5%D9%8A%D8%A8%D9%8A-%D9%81%D9%8A-%D8%B3%D8%B7%D9%88%D8%B1\" target=\"_blank\" rel=\"noopener noreferrer\">Mohamed Moncef Ksibi<\/a>. Il avait 75 ans. Enarque en 1969, il avait entam\u00e9\u00a0 sa carri\u00e8re au premier minist\u00e8re l\u2019ann\u00e9e d\u2019apr\u00e8s en tant qu\u2019administrateur du gouvernement \u00e0 la direction des affaires \u00e9conomiques et sociales. Gravissant les \u00e9chelons, il sera nomm\u00e9 en 1980,\u00a0 directeur du cabinet du ministre d\u00e9l\u00e9gu\u00e9 aupr\u00e8s du Premier ministre charg\u00e9 de la Fonction publique et de la r\u00e9forme administrative, un portefeuille d\u00e9tenu alors par Mezri Chkir. Par la suite, il se verra confier la direction de la Trapsa puis l&rsquo;h\u00f4tel Abou Nawas.<\/span><\/p>\n<p><span class=\"c2\">Le d\u00e9funt \u00e9tait le prototype de cette g\u00e9n\u00e9ration de l\u2019ind\u00e9pendance form\u00e9e \u00e0 bonne \u00e9cole qui alliait comp\u00e9tence, int\u00e9grit\u00e9 et surtout patriotisme.<\/span><\/p>\n<p>Auteur:<br \/>\n<a href=\"https:\/\/www.leaders.com.tn\/article\/30741-deces-de-mohamed-moncef-ksibi\">Cliquez ici pour lire l&rsquo;article depuis sa source.<\/a><\/p>\n","protected":false},"excerpt":{"rendered":"<p>On apprend le d\u00e9c\u00e8s de Mohamed Moncef Ksibi. Il avait 75 ans. Enarque en 1969, il avait entam\u00e9\u00a0 sa carri\u00e8re au premier minist\u00e8re l\u2019ann\u00e9e d\u2019apr\u00e8s en tant qu\u2019administrateur du gouvernement \u00e0 la direction des affaires \u00e9conomiques et sociales. Gravissant les \u00e9chelons, il sera nomm\u00e9 en 1980,\u00a0 directeur du cabinet du ministre d\u00e9l\u00e9gu\u00e9 aupr\u00e8s du Premier [&hellip;]<\/p>\n","protected":false},"author":1772,"featured_media":0,"comment_status":"closed","ping_status":"closed","sticky":false,"template":"","format":"standard","meta":{"fifu_image_url":"","fifu_image_alt":"","footnotes":""},"categories":[73,55],"tags":[],"class_list":["post-101923","post","type-post","status-publish","format-standard","hentry","category-actualite","category-tunisie"],"_links":{"self":[{"href":"https:\/\/linitiative.ca\/International\/wp-json\/wp\/v2\/posts\/101923","targetHints":{"allow":["GET"]}}],"collection":[{"href":"https:\/\/linitiative.ca\/International\/wp-json\/wp\/v2\/posts"}],"about":[{"href":"https:\/\/linitiative.ca\/International\/wp-json\/wp\/v2\/types\/post"}],"author":[{"embeddable":true,"href":"https:\/\/linitiative.ca\/International\/wp-json\/wp\/v2\/users\/1772"}],"replies":[{"embeddable":true,"href":"https:\/\/linitiative.ca\/International\/wp-json\/wp\/v2\/comments?post=101923"}],"version-history":[{"count":0,"href":"https:\/\/linitiative.ca\/International\/wp-json\/wp\/v2\/posts\/101923\/revisions"}],"wp:attachment":[{"href":"https:\/\/linitiative.ca\/International\/wp-json\/wp\/v2\/media?parent=101923"}],"wp:term":[{"taxonomy":"category","embeddable":true,"href":"https:\/\/linitiative.ca\/International\/wp-json\/wp\/v2\/categories?post=101923"},{"taxonomy":"post_tag","embeddable":true,"href":"https:\/\/linitiative.ca\/International\/wp-json\/wp\/v2\/tags?post=101923"}],"curies":[{"name":"wp","href":"https:\/\/api.w.org\/{rel}","templated":true}]}}