{"id":101925,"date":"2020-10-16T08:47:00","date_gmt":"2020-10-16T12:47:00","guid":{"rendered":"https:\/\/linitiative.ca\/International\/majid-chaar-un-monde-sans-faim\/"},"modified":"2020-10-16T08:47:00","modified_gmt":"2020-10-16T12:47:00","slug":"majid-chaar-un-monde-sans-faim","status":"publish","type":"post","link":"https:\/\/linitiative.ca\/International\/majid-chaar-un-monde-sans-faim\/","title":{"rendered":"Majid Chaar : Un monde sans faim"},"content":{"rendered":"<p><span class=\"c3\"><span class=\"c2\"><em><strong>Par Majid Chaar &#8211;<\/strong><\/em><\/span><\/span> Il y a 75 ans, la moiti\u00e9 de notre plan\u00e8te \u00e9tait en ruines, portant les stigmates du plus grand conflit de tous les temps. Alors que la guerre faisait rage, des hommes et des \u00e9tats pr\u00e9paraient la naissance de la premi\u00e8re et la plus importante des organisations internationales: la signature de l&rsquo;acte constitutif de la FAO ( l&rsquo;Organisation des Nations Unies pour l\u00a0\u00bbAlimentation et l&rsquo;Agriculture), \u00e0\u00a0 Quebec-Canada, le 16 octobre 1945.<\/p>\n<p>Un acte de foi dans l&rsquo;avenir que la Journ\u00e9e Mondiale de l&rsquo;Alimentation c\u00e9l\u00e8bre en ce jour de la fondation de la FAO .<\/p>\n<p><span class=\"c5\"><span class=\"c4\"><strong>Une plan\u00e8te affam\u00e9e<\/strong><\/span><\/span><\/p>\n<p>75 ans d\u00e9j\u00e0. Le scandale de la faim\u00a0 qui fait souffrir physiquement et moralement, la faim qui ronge le squelette, l&rsquo;intelligence et la volont\u00e9, la faim qui tue- ce scandale inacceptable n&rsquo;a pas disparu \u00e0\u00a0 l&rsquo;aube de ce si\u00e8cle:<br \/>Plus de 690 millions de personnes souffrent de la faim, soit 10 millions de plus depuis 2019.<\/p>\n<p>La pand\u00e9mie du Covid-19 pourrait voir grossir les rangs des affam\u00e9s de 83 \u00e0 132 millions de personnes et l&rsquo;impact de la malnutrition\u00a0 sous toutes ses formes, sur l&rsquo;\u00e9conomie mondiale, est\u00a0 estim\u00e9 \u00e0 3500 milliards de dollars par an.<\/p>\n<p>Aujourd&rsquo;hui, la plan\u00e8te \u00ab\u00a0faim\u00a0\u00bb compte plus de 2 milliards d&rsquo;\u00eatres humains appauvris et sans acc\u00e8s r\u00e9gulier \u00e0 la nourriture.<\/p>\n<p>75 ans apr\u00e8s la cr\u00e9ation de la FAO, les progr\u00e8s dans la bataille contre la faim,\u00a0 restent en de\u00e7\u00e0\u00a0 des espoirs des p\u00e8res fondateurs.<\/p>\n<p><span class=\"c5\"><span class=\"c4\"><strong>Une mission de Sisyphe<\/strong><\/span><\/span><\/p>\n<p>Devant l&rsquo;ampleur du fl\u00e9au, les ressources financi\u00e8res restent limit\u00e9s, le multilat\u00e9ralisme en r\u00e9gression et la FAO ne constitue pas une sorte de Minist\u00e8re de l&rsquo;agriculture du monde! Mais, malgr\u00e9 ses limites, les moyens d&rsquo;action de la FAO sont tr\u00e8s importants.<\/p>\n<p>Elle n&rsquo;en joue pas moins un r\u00f4le irrempla\u00e7able en tant que centre mondial des statistiques sur l&rsquo;agriculture mondiale et le commerce des produits alimentaires.<\/p>\n<p>Ensuite elle constitue un forum mondial pour ses 198 pays membres, pour dialoguer et se concerter sur tous les probl\u00e8mes d&rsquo;int\u00e9r\u00eat commun mais aussi, sur ceux qui pourraient les opposer.<\/p>\n<p>En troisi\u00e8me lieu, elle fournit aux pays membres , avis et conseils sur les politiques agricoles , leur accorde l&rsquo;assistance technique dont ils ont besoin et les aide dans l&rsquo;\u00e9laboration des \u00e9tudes, strat\u00e9gies et projets de d\u00e9veloppement pour le financement international.<\/p>\n<p><span class=\"c5\"><span class=\"c4\"><strong>L&rsquo;indiff\u00e9rence est le pire ennemi<\/strong><\/span><\/span><\/p>\n<p>Ce long combat contre la faim et la malnutrition fait appel \u00e0 toutes sortes de moyens techniques, scientifiques et financiers, fait reculer le spectre de la faim mais n&rsquo;en extirpe pas les racines: le monde aujourd&rsquo;hui, gr\u00e2ce \u00e0 ces progr\u00e8s, produit plus qu&rsquo;il n&rsquo;en faut, pour nourrir la plan\u00e8te, th\u00e9oriquement.<\/p>\n<p>Fondamentalement, c&rsquo;est un probl\u00e8me d&rsquo; \u00ab\u00a0acc\u00e8s\u00a0\u00bb et de \u00ab\u00a0distribution \u00e9quitable\u00a0\u00bb\u00a0 des ressources\u00a0 et des richesses.<\/p>\n<p>Dans les faits, des millions d&rsquo;hommes et de femmes se voient d\u00e9ni\u00e9s l&rsquo;acc\u00e8s \u00e0 la nourriture, \u00e0 la formation et au cr\u00e9dit parceque souvent d\u00e9tourn\u00e9s vers d&rsquo;autres priorit\u00e9s politiques.<\/p>\n<p>Devant la d\u00e9tresse g\u00e9n\u00e9ralis\u00e9e des populations\u00a0 rurales et des jeunes des campagnes,\u00a0 le combat contre la pauvret\u00e9, l&rsquo;exclusion et leurs corollaires, la faim et la malnutrition , n&rsquo;a fait que renforcer cette conviction fondamentale: Le probl\u00e8me du d\u00e9veloppement est avant tout un probl\u00e8me moral. C&rsquo;est Malraux qui disait que le 21\u00e8me si\u00e8cle serait spiritualiste ou ne serait pas.et les progr\u00e8s de l&rsquo;humanit\u00e9\u00a0 sont des progr\u00e8s de la conscience humaine.<\/p>\n<p>Certes, la r\u00e9alit\u00e9 du monde actuel , nous offre une image de creux de la justice et de la solidarit\u00e9 internationale, un n\u00e9gatif- mais c&rsquo;est pr\u00e9cis\u00e9ment de l\u00e0 qu&rsquo;il va falloir tirer la force de renforcer la situation.<\/p>\n<p><span class=\"c5\"><span class=\"c4\"><strong>Les jeunes au centre du drame<\/strong><\/span><\/span><\/p>\n<p>Si nous prenons vraiment conscience du drame de la jeunesse rurale, si nous voulons vraiment mettre nos jeunes en mesure de prendre leur destin en main, il faut commencer par une remise en question radicale de nos propres certitudes, par une v\u00e9ritable conversion du c\u0153ur! C&rsquo;est \u00e0 une telle r\u00e9volution int\u00e9rieure que nous sommes invit\u00e9s , aujourd&rsquo;hui.<\/p>\n<p>Tel est le sens profond de la Journ\u00e9e Mondiale de l&rsquo;Alimentation, de la r\u00e9flexion \u00e0 laquelle elle nous convie, quelle que soit notre place ou notre fonction dans la soci\u00e9t\u00e9.<\/p>\n<p>Avec le droit \u00e0 la vie et \u00e0 la liberte, le droit \u00e0 la nourriture n&rsquo;est-il pas le plus fondamental, le plus imprescriptible de tous?<\/p>\n<p>Ce droit, lorsqu&rsquo;il est bafou\u00e9, il n&rsquo;y a plus de libert\u00e9, ni de dignit\u00e9, ni m\u00eame de vie.<\/p>\n<p class=\"c6\"><strong>Majid Chaar<\/strong><br \/><em>Ancien directeur des m\u00e9dias, FAO<\/em><br \/>\u00a0<\/p>\n<p>Auteur:<br \/>\n<a href=\"https:\/\/www.leaders.com.tn\/article\/30738-majid-chaar-un-monde-sans-faim\">Cliquez ici pour lire l&rsquo;article depuis sa source.<\/a><\/p>\n","protected":false},"excerpt":{"rendered":"<p>Par Majid Chaar &#8211; Il y a 75 ans, la moiti\u00e9 de notre plan\u00e8te \u00e9tait en ruines, portant les stigmates du plus grand conflit de tous les temps. Alors que la guerre faisait rage, des hommes et des \u00e9tats pr\u00e9paraient la naissance de la premi\u00e8re et la plus importante des organisations internationales: la signature de [&hellip;]<\/p>\n","protected":false},"author":1772,"featured_media":0,"comment_status":"closed","ping_status":"closed","sticky":false,"template":"","format":"standard","meta":{"fifu_image_url":"","fifu_image_alt":"","footnotes":""},"categories":[73,55],"tags":[],"class_list":["post-101925","post","type-post","status-publish","format-standard","hentry","category-actualite","category-tunisie"],"_links":{"self":[{"href":"https:\/\/linitiative.ca\/International\/wp-json\/wp\/v2\/posts\/101925","targetHints":{"allow":["GET"]}}],"collection":[{"href":"https:\/\/linitiative.ca\/International\/wp-json\/wp\/v2\/posts"}],"about":[{"href":"https:\/\/linitiative.ca\/International\/wp-json\/wp\/v2\/types\/post"}],"author":[{"embeddable":true,"href":"https:\/\/linitiative.ca\/International\/wp-json\/wp\/v2\/users\/1772"}],"replies":[{"embeddable":true,"href":"https:\/\/linitiative.ca\/International\/wp-json\/wp\/v2\/comments?post=101925"}],"version-history":[{"count":0,"href":"https:\/\/linitiative.ca\/International\/wp-json\/wp\/v2\/posts\/101925\/revisions"}],"wp:attachment":[{"href":"https:\/\/linitiative.ca\/International\/wp-json\/wp\/v2\/media?parent=101925"}],"wp:term":[{"taxonomy":"category","embeddable":true,"href":"https:\/\/linitiative.ca\/International\/wp-json\/wp\/v2\/categories?post=101925"},{"taxonomy":"post_tag","embeddable":true,"href":"https:\/\/linitiative.ca\/International\/wp-json\/wp\/v2\/tags?post=101925"}],"curies":[{"name":"wp","href":"https:\/\/api.w.org\/{rel}","templated":true}]}}