{"id":101932,"date":"2020-10-16T14:57:26","date_gmt":"2020-10-16T18:57:26","guid":{"rendered":"https:\/\/linitiative.ca\/International\/la-france-fait-face-a-un-nouvel-attentat\/"},"modified":"2020-10-16T14:57:26","modified_gmt":"2020-10-16T18:57:26","slug":"la-france-fait-face-a-un-nouvel-attentat","status":"publish","type":"post","link":"https:\/\/linitiative.ca\/International\/la-france-fait-face-a-un-nouvel-attentat\/","title":{"rendered":"La France fait face \u00e0 un nouvel attentat"},"content":{"rendered":"<p><strong>La France vient de subir un nouvel attentat apr\u00e8s celui perp\u00e9tr\u00e9 il y a quelques semaines au niveau des anciens locaux du journal satirique Charlie Hebdo. Un enseignant a \u00e9t\u00e9 retrouv\u00e9 d\u00e9capit\u00e9 ce vendredi apr\u00e8s-midi pr\u00e8s de Paris. Son assaillant a \u00e9t\u00e9 tu\u00e9 par la police. Le ministre de l\u2019Int\u00e9rieur, G\u00e9rard Darmanin, en visite officielle au Maroc, est rentr\u00e9 en urgence sur Paris.<\/strong><\/p>\n<div class=\"c10\"\/>\n<p>Selon une source polici\u00e8re, la victime est un professeur d\u2019histoire de Conflans-Sainte-Honorine, en r\u00e9gion parisienne, qui avait montr\u00e9 r\u00e9cemment \u00e0 ses \u00e9l\u00e8ves des caricatures du Proph\u00e8te lors d\u2019un cours. On apprend que l\u2019enseignant a \u00e9t\u00e9 tu\u00e9 sur la voie publique non loin de son coll\u00e8ge du Bois d\u2019Aulne, \u00e0 Conflans.<\/p>\n<p><strong>Lire aussi| <a href=\"https:\/\/www.challenge.ma\/loms-confirme-linefficacite-de-plusieurs-traitements-anti-covid-etude-161444\/\">L\u2019OMS confirme l\u2019inefficacit\u00e9 de plusieurs traitements anti-Covid [\u00c9tude]<\/a><\/strong><\/p>\n<p>Les faits se sont d\u00e9roul\u00e9s vers 17 h (heure locale), selon une source polici\u00e8re. Le ministre de l\u2019Int\u00e9rieur G\u00e9rald Darmanin, qui \u00e9tait en d\u00e9placement officiel au Maroc, est rentr\u00e9 en urgence en France o\u00f9 il doit rejoindre une cellule de crise.<\/p>\n<blockquote class=\"twitter-tweet\">\n<p lang=\"fr\" dir=\"ltr\">L\u2019homme d\u00e9capit\u00e9 \u00e9tait un prof d\u2019histoire ayant montr\u00e9 les caricatures de Mahomet en classe <a href=\"https:\/\/t.co\/J0Ld1NKyXg\">pic.twitter.com\/J0Ld1NKyXg<\/a><\/p>\n<p>\u2014 BFMTV (@BFMTV) <a href=\"https:\/\/twitter.com\/BFMTV\/status\/1317157917011968000?ref_src=twsrc%5Etfw\">October 16, 2020<\/a><\/p><\/blockquote>\n<p>Pour rappel, cette attaque survient trois semaines apr\u00e8s l\u2019attentat au hachoir perp\u00e9tr\u00e9 par un jeune Pakistanais de 25 ans devant les anciens locaux de Charlie Hebdo, ayant fait deux bless\u00e9s graves.<\/p>\n<p><strong>Lire aussi| <a href=\"https:\/\/www.challenge.ma\/le-ministre-francais-de-linterieur-insiste-sur-la-cooperation-franco-marocaine-161436\/\">Le ministre fran\u00e7ais de l\u2019Int\u00e9rieur insiste sur la coop\u00e9ration franco-marocaine<\/a><\/strong><\/p>\n<p>Auteur: challenge<br \/>\n<a href=\"https:\/\/www.challenge.ma\/la-france-fait-face-a-un-nouvel-attentat-161513\/\">Cliquez ici pour lire l&rsquo;article depuis sa source.<\/a><\/p>\n","protected":false},"excerpt":{"rendered":"<p>La France vient de subir un nouvel attentat apr\u00e8s celui perp\u00e9tr\u00e9 il y a quelques semaines au niveau des anciens locaux du journal satirique Charlie Hebdo. Un enseignant a \u00e9t\u00e9 retrouv\u00e9 d\u00e9capit\u00e9 ce vendredi apr\u00e8s-midi pr\u00e8s de Paris. Son assaillant a \u00e9t\u00e9 tu\u00e9 par la police. Le ministre de l\u2019Int\u00e9rieur, G\u00e9rard Darmanin, en visite officielle [&hellip;]<\/p>\n","protected":false},"author":1787,"featured_media":0,"comment_status":"closed","ping_status":"closed","sticky":false,"template":"","format":"standard","meta":{"fifu_image_url":"","fifu_image_alt":"","footnotes":""},"categories":[78,54],"tags":[],"class_list":["post-101932","post","type-post","status-publish","format-standard","hentry","category-economie","category-maroc"],"_links":{"self":[{"href":"https:\/\/linitiative.ca\/International\/wp-json\/wp\/v2\/posts\/101932","targetHints":{"allow":["GET"]}}],"collection":[{"href":"https:\/\/linitiative.ca\/International\/wp-json\/wp\/v2\/posts"}],"about":[{"href":"https:\/\/linitiative.ca\/International\/wp-json\/wp\/v2\/types\/post"}],"author":[{"embeddable":true,"href":"https:\/\/linitiative.ca\/International\/wp-json\/wp\/v2\/users\/1787"}],"replies":[{"embeddable":true,"href":"https:\/\/linitiative.ca\/International\/wp-json\/wp\/v2\/comments?post=101932"}],"version-history":[{"count":0,"href":"https:\/\/linitiative.ca\/International\/wp-json\/wp\/v2\/posts\/101932\/revisions"}],"wp:attachment":[{"href":"https:\/\/linitiative.ca\/International\/wp-json\/wp\/v2\/media?parent=101932"}],"wp:term":[{"taxonomy":"category","embeddable":true,"href":"https:\/\/linitiative.ca\/International\/wp-json\/wp\/v2\/categories?post=101932"},{"taxonomy":"post_tag","embeddable":true,"href":"https:\/\/linitiative.ca\/International\/wp-json\/wp\/v2\/tags?post=101932"}],"curies":[{"name":"wp","href":"https:\/\/api.w.org\/{rel}","templated":true}]}}