{"id":101936,"date":"2020-10-16T16:31:08","date_gmt":"2020-10-16T20:31:08","guid":{"rendered":"https:\/\/linitiative.ca\/International\/tunisie-ennahdha-netait-pas-au-courant-de-ce-quavait-decide-ghannouchi-au-cours-de-son-rendez-vous-de-paris-avec-bce\/"},"modified":"2020-10-16T16:31:08","modified_gmt":"2020-10-16T20:31:08","slug":"tunisie-ennahdha-netait-pas-au-courant-de-ce-quavait-decide-ghannouchi-au-cours-de-son-rendez-vous-de-paris-avec-bce","status":"publish","type":"post","link":"https:\/\/linitiative.ca\/International\/tunisie-ennahdha-netait-pas-au-courant-de-ce-quavait-decide-ghannouchi-au-cours-de-son-rendez-vous-de-paris-avec-bce\/","title":{"rendered":"Tunisie \u2013 Ennahdha n\u2019\u00e9tait pas au courant de ce qu\u2019avait d\u00e9cid\u00e9 Ghannouchi au cours de son rendez-vous de Paris avec BCE"},"content":{"rendered":"<div class=\"post-cont-in left relative\">\n<div id=\"post-info-wrap\" class=\"left relative post-info-out\">\n<div class=\"post-info-img left relative\"><img loading=\"lazy\" decoding=\"async\" alt=\"\" src=\"https:\/\/secure.gravatar.com\/avatar\/047123be9d5e8513774383916ee72db2?s=50&amp;d=mm&amp;r=g\" srcset=\"https:\/\/secure.gravatar.com\/avatar\/047123be9d5e8513774383916ee72db2?s=100&amp;d=mm&amp;r=g 2x\" class=\"avatar avatar-50 photo\" height=\"50\" width=\"50\"\/><\/div>\n<div class=\"post-info-in\">\n<div class=\"post-info-right left relative post-info-name left relative\"><span itemprop=\"author\" itemscope=\"\" itemtype=\"https:\/\/schema.org\/Person\"><span class=\"post-info-text\">Par<\/span> <span class=\"author-name vcard fn author\" itemprop=\"name\"><a href=\"https:\/\/www.tunisienumerique.com\/author\/lm\/\" title=\"Articles par LM\" rel=\"author\">LM<\/a><\/span><\/span> <span class=\"post-date updated\"><time class=\"post-date updated\" itemprop=\"datePublished\" datetime=\"2020-10-16\">\u00a0| Il y a 16 secondes<\/time><\/span><\/div>\n<div class=\"left relative\"><button id=\"listenButton1\" class=\"responsivevoice-button\" type=\"button\" value=\"Play\" title=\"&#xC9;coutez l'article\"><span>\ud83d\udd0a \u00c9coutez l&rsquo;article<\/span><\/button> <\/div>\n<\/div>\n<\/div>\n<p>Le leader au sein d\u2019Ennahdha, Abdellatif Mekki, a d\u00e9clar\u00e9, ce vendredi, au micro de Diwan FM, que les bases et les instances d\u2019Ennahdha n\u2019\u00e9taient pas au courant de ce qui avait \u00e9t\u00e9 d\u00e9cid\u00e9 lors de l\u2019entretien de Paris qui s\u2019est d\u00e9roul\u00e9, le 15 aout 2013, entre le Cheikh Ghannouchi, et feu B\u00e9ji Ca\u00efed Essebsi.<\/p>\n<div class=\"code-block code-block-1 c4\"><ins class=\"adsbygoogle c3\" data-ad-layout=\"in-article\" data-ad-format=\"fluid\" data-ad-client=\"ca-pub-2102118777505746\" data-ad-slot=\"7301775417\"\/> <\/div>\n<p>Il a ajout\u00e9 qu\u2019\u00e0 son retour \u00e0 Tunis, Ghanouchi leur a racont\u00e9 que l\u2019entretien s\u2019est articul\u00e9 sur des g\u00e9n\u00e9ralit\u00e9s, alors qu\u2019en r\u00e9alit\u00e9, il a \u00e9t\u00e9 d\u00e9cid\u00e9, au cours de cette rencontre, qu\u2019Ennahdha approuve la candidature de BCE \u00e0 la pr\u00e9sidentielle, et qu\u2019elle r\u00e9visera sa position par rapport \u00e0 la loi de protection de la r\u00e9volution. Il a pr\u00e9cis\u00e9 qu\u2019\u00e0 l\u2019\u00e9poque, Ennahdha voulait appuyer la candidature d\u2019une personnalit\u00e9 \u00ab\u00a0r\u00e9volutionnaire\u00a0\u00bb, \u00e0 l\u2019instar de Marzouki ou Ben Ja\u00e2far.<\/p>\n<p>Mekki a assur\u00e9 que le Cheikh Rached Ghannouchi s\u2019est comport\u00e9 d\u2019une fa\u00e7on unilat\u00e9rale et personnelle.<\/p>\n<div class=\"swp_social_panel swp_horizontal_panel swp_flat_fresh swp_default_full_color swp_individual_full_color swp_other_full_color scale-100 scale-\" data-min-width=\"1100\" data-float-color=\"#ffffff\" data-float=\"bottom\" data-float-mobile=\"bottom\" data-transition=\"slide\">\n<div class=\"nc_tweetContainer swp_share_button total_shares total_sharesalt\"><span class=\"swp_count\">1 <span class=\"swp_label\">Partages<\/span><\/span><\/div>\n<\/div>\n<p><strong>Que se passe-t-il en Tunisie?<\/strong><br \/>Nous expliquons sur notre <a href=\"https:\/\/www.youtube.com\/channel\/UCRzypVq0B_yBad5eGrwBx0Q?sub_confirmation=1\" target=\"_blank\" rel=\"noopener noreferrer\">cha\u00eene YouTube<\/a> . <a href=\"https:\/\/www.youtube.com\/channel\/UCRzypVq0B_yBad5eGrwBx0Q?sub_confirmation=1\" target=\"_blank\" rel=\"noopener noreferrer\">Abonnez-vous!<\/a><\/p>\n<div class=\"mvp-org-wrap mvp-org-logo\" itemprop=\"publisher\" itemscope=\"\" itemtype=\"https:\/\/schema.org\/Organization\"><img decoding=\"async\" src=\"https:\/\/www.tunisienumerique.com\/wp-content\/uploads\/2017\/02\/logo_tunisie_numerique.png\"\/><\/div>\n<div class=\"mvp-related-posts left relative\">\n<h4 class=\"post-header\"><span class=\"post-header\">Lire aussi<\/span><\/h4>\n<\/div>\n<div id=\"article-ad\"><ins class=\"adsbygoogle c5\" data-ad-client=\"ca-pub-2102118777505746\" data-ad-slot=\"6513972734\" data-ad-format=\"auto\" data-full-width-responsive=\"true\"\/> <\/div>\n<\/div>\n<div id=\"post-sidebar-wrap\"><ins class=\"adsbygoogle c5\" data-ad-client=\"ca-pub-2102118777505746\" data-ad-slot=\"6168283410\" data-ad-format=\"auto\" data-full-width-responsive=\"true\"\/> <\/div>\n<p>Auteur: LM<br \/>\n<a href=\"https:\/\/www.tunisienumerique.com\/tunisie-ennahdha-netait-pas-au-courant-de-ce-quavait-decide-ghannouchi-au-cours-de-son-rendez-vous-de-paris-avec-bce\/\">Cliquez ici pour lire l&rsquo;article depuis sa source.<\/a><\/p>\n","protected":false},"excerpt":{"rendered":"<p>Par LM \u00a0| Il y a 16 secondes \ud83d\udd0a \u00c9coutez l&rsquo;article Le leader au sein d\u2019Ennahdha, Abdellatif Mekki, a d\u00e9clar\u00e9, ce vendredi, au micro de Diwan FM, que les bases et les instances d\u2019Ennahdha n\u2019\u00e9taient pas au courant de ce qui avait \u00e9t\u00e9 d\u00e9cid\u00e9 lors de l\u2019entretien de Paris qui s\u2019est d\u00e9roul\u00e9, le 15 aout [&hellip;]<\/p>\n","protected":false},"author":1789,"featured_media":0,"comment_status":"closed","ping_status":"closed","sticky":false,"template":"","format":"standard","meta":{"fifu_image_url":"","fifu_image_alt":"","footnotes":""},"categories":[73,55],"tags":[],"class_list":["post-101936","post","type-post","status-publish","format-standard","hentry","category-actualite","category-tunisie"],"_links":{"self":[{"href":"https:\/\/linitiative.ca\/International\/wp-json\/wp\/v2\/posts\/101936","targetHints":{"allow":["GET"]}}],"collection":[{"href":"https:\/\/linitiative.ca\/International\/wp-json\/wp\/v2\/posts"}],"about":[{"href":"https:\/\/linitiative.ca\/International\/wp-json\/wp\/v2\/types\/post"}],"author":[{"embeddable":true,"href":"https:\/\/linitiative.ca\/International\/wp-json\/wp\/v2\/users\/1789"}],"replies":[{"embeddable":true,"href":"https:\/\/linitiative.ca\/International\/wp-json\/wp\/v2\/comments?post=101936"}],"version-history":[{"count":0,"href":"https:\/\/linitiative.ca\/International\/wp-json\/wp\/v2\/posts\/101936\/revisions"}],"wp:attachment":[{"href":"https:\/\/linitiative.ca\/International\/wp-json\/wp\/v2\/media?parent=101936"}],"wp:term":[{"taxonomy":"category","embeddable":true,"href":"https:\/\/linitiative.ca\/International\/wp-json\/wp\/v2\/categories?post=101936"},{"taxonomy":"post_tag","embeddable":true,"href":"https:\/\/linitiative.ca\/International\/wp-json\/wp\/v2\/tags?post=101936"}],"curies":[{"name":"wp","href":"https:\/\/api.w.org\/{rel}","templated":true}]}}