{"id":101943,"date":"2020-10-16T07:20:27","date_gmt":"2020-10-16T11:20:27","guid":{"rendered":"https:\/\/linitiative.ca\/International\/contentieux-des-candidatures-aux-elections-couplees-le-point-des-recours-recus-a-la-date-du-15-octobre-2020\/"},"modified":"2020-10-16T07:20:27","modified_gmt":"2020-10-16T11:20:27","slug":"contentieux-des-candidatures-aux-elections-couplees-le-point-des-recours-recus-a-la-date-du-15-octobre-2020","status":"publish","type":"post","link":"https:\/\/linitiative.ca\/International\/contentieux-des-candidatures-aux-elections-couplees-le-point-des-recours-recus-a-la-date-du-15-octobre-2020\/","title":{"rendered":"Contentieux des candidatures aux \u00e9lections coupl\u00e9es\u00a0: Le point des recours re\u00e7us \u00e0 la date du 15 octobre 2020"},"content":{"rendered":"<div class=\"td-post-featured-image\"><a href=\"https:\/\/www.sidwaya.info\/wp-content\/uploads\/2020\/10\/arton99428.jpg\" data-caption=\"\"><img loading=\"lazy\" decoding=\"async\" width=\"696\" height=\"392\" class=\"entry-thumb td-modal-image\" src=\"https:\/\/www.sidwaya.info\/wp-content\/uploads\/2020\/10\/arton99428-696x392.jpg\" srcset=\"https:\/\/www.sidwaya.info\/wp-content\/uploads\/2020\/10\/arton99428-696x392.jpg 696w, https:\/\/www.sidwaya.info\/wp-content\/uploads\/2020\/10\/arton99428-300x169.jpg 300w, https:\/\/www.sidwaya.info\/wp-content\/uploads\/2020\/10\/arton99428-768x433.jpg 768w, https:\/\/www.sidwaya.info\/wp-content\/uploads\/2020\/10\/arton99428-746x420.jpg 746w, https:\/\/www.sidwaya.info\/wp-content\/uploads\/2020\/10\/arton99428.jpg 863w\" sizes=\"auto, (max-width: 696px) 100vw, 696px\" alt=\"\" title=\"arton99428\"\/><\/a><\/div>\n<p><strong>\u00a0<\/strong>Au terme de la p\u00e9riode de r\u00e9ception des recours contre l\u2019\u00e9ligibilit\u00e9 des candidats et de leurs suppl\u00e9ants aux \u00e9lections l\u00e9gislatives, soit hier jeudi 15 octobre 2020 \u00e0 23h47, le Conseil constitutionnel a enregistr\u00e9 des recours en in\u00e9ligibilit\u00e9 de neuf (09) personnes. Il s\u2019agit de KARMADJI\u00a0 Hamidou, de KOUDOUGOU Boukari, de TRAORE Lacina, de NAMOANO Yemboado Georges, de TAGNABOU Bambata Lazare, de NAMA Moussa, BARRY Amadou, de NAMA Baoui et de NAMA Didier Bateni (le suppl\u00e9ant d\u2019un candidat).<\/p>\n<blockquote readability=\"9\">\n<p>Un recours pour la validation des listes provinciales de la Sissili, du Nayala, du Lorum, du Kouritenga et du Sanmatenga a aussi \u00e9t\u00e9 re\u00e7u.<\/p>\n<\/blockquote>\n<p>Deux recours ont \u00e9t\u00e9 re\u00e7us \u00e0 la date du 15 octobre 2020 dans le cadre du contentieux des candidatures \u00e0 l\u2019\u00e9lection pr\u00e9sidentielle, en attendant la fin du d\u00e9lai pr\u00e9vu par le Code \u00e9lectoral. Il s\u2019agit du recours de Madame KIELEM\/COULIDIATI Justine et de celui de Madame Korotimi Rachya J. M Goretti, dont les candidatures n\u2019ont pas \u00e9t\u00e9 retenues par la Commission ad hoc de validation au niveau de la CENI.<\/p>\n<p><strong>DCP\/CC.<\/strong><\/p>\n<div class=\"td-a-rec td-a-rec-id-content_bottom tdi_30_95c td_block_template_1\"><img loading=\"lazy\" decoding=\"async\" class=\"aligncenter size-full wp-image-27454\" src=\"https:\/\/www.sidwaya.info\/wp-content\/uploads\/2020\/10\/PUB-Bandeau-paiement-mobile-siteweb.jpg\" alt=\"\" width=\"728\" height=\"90\"\/><\/div>\n<p>Auteur: Wamini SIDWAYA<br \/>\n<a href=\"https:\/\/www.sidwaya.info\/blog\/2020\/10\/16\/contentieux-des-candidatures-aux-elections-couplees-le-point-des-recours-recus-a-la-date-du-15-octobre-2020\/\">Cliquez ici pour lire l&rsquo;article depuis sa source.<\/a><\/p>\n","protected":false},"excerpt":{"rendered":"<p>\u00a0Au terme de la p\u00e9riode de r\u00e9ception des recours contre l\u2019\u00e9ligibilit\u00e9 des candidats et de leurs suppl\u00e9ants aux \u00e9lections l\u00e9gislatives, soit hier jeudi 15 octobre 2020 \u00e0 23h47, le Conseil constitutionnel a enregistr\u00e9 des recours en in\u00e9ligibilit\u00e9 de neuf (09) personnes. Il s\u2019agit de KARMADJI\u00a0 Hamidou, de KOUDOUGOU Boukari, de TRAORE Lacina, de NAMOANO Yemboado [&hellip;]<\/p>\n","protected":false},"author":1816,"featured_media":101944,"comment_status":"closed","ping_status":"closed","sticky":false,"template":"","format":"standard","meta":{"fifu_image_url":"","fifu_image_alt":"","footnotes":""},"categories":[73,81],"tags":[],"class_list":["post-101943","post","type-post","status-publish","format-standard","has-post-thumbnail","hentry","category-actualite","category-burkina-faso"],"_links":{"self":[{"href":"https:\/\/linitiative.ca\/International\/wp-json\/wp\/v2\/posts\/101943","targetHints":{"allow":["GET"]}}],"collection":[{"href":"https:\/\/linitiative.ca\/International\/wp-json\/wp\/v2\/posts"}],"about":[{"href":"https:\/\/linitiative.ca\/International\/wp-json\/wp\/v2\/types\/post"}],"author":[{"embeddable":true,"href":"https:\/\/linitiative.ca\/International\/wp-json\/wp\/v2\/users\/1816"}],"replies":[{"embeddable":true,"href":"https:\/\/linitiative.ca\/International\/wp-json\/wp\/v2\/comments?post=101943"}],"version-history":[{"count":0,"href":"https:\/\/linitiative.ca\/International\/wp-json\/wp\/v2\/posts\/101943\/revisions"}],"wp:featuredmedia":[{"embeddable":true,"href":"https:\/\/linitiative.ca\/International\/wp-json\/"}],"wp:attachment":[{"href":"https:\/\/linitiative.ca\/International\/wp-json\/wp\/v2\/media?parent=101943"}],"wp:term":[{"taxonomy":"category","embeddable":true,"href":"https:\/\/linitiative.ca\/International\/wp-json\/wp\/v2\/categories?post=101943"},{"taxonomy":"post_tag","embeddable":true,"href":"https:\/\/linitiative.ca\/International\/wp-json\/wp\/v2\/tags?post=101943"}],"curies":[{"name":"wp","href":"https:\/\/api.w.org\/{rel}","templated":true}]}}