{"id":101950,"date":"2020-10-16T15:18:02","date_gmt":"2020-10-16T19:18:02","guid":{"rendered":"https:\/\/linitiative.ca\/International\/le-senegal-dans-le-viseur-des-cybercriminels\/"},"modified":"2020-10-16T15:18:02","modified_gmt":"2020-10-16T19:18:02","slug":"le-senegal-dans-le-viseur-des-cybercriminels","status":"publish","type":"post","link":"https:\/\/linitiative.ca\/International\/le-senegal-dans-le-viseur-des-cybercriminels\/","title":{"rendered":"Le S\u00e9n\u00e9gal dans le viseur des cybercriminels"},"content":{"rendered":"<div readability=\"32\">\n<p>Publi\u00e9 le 16.10.2020 \u00e0 20h18 par APA News<\/p>\n<\/div>\n<div readability=\"117\">\n<p>Le S\u00e9n\u00e9gal est le cinqui\u00e8me pays qui subit le plus de cyberattaques en Afrique et le soixante-onzi\u00e8me au niveau mondial, a r\u00e9v\u00e9l\u00e9, ce vendredi \u00e0 Dakar, le directeur g\u00e9n\u00e9ral de la 4ITSEC-AFRICA, Adjeoua Haikreo.Les Petites et Moyennes Entreprises (PME) et les Petites et Moyennes Industries (PMI) constituent les principales victimes de ces attaques, a soulign\u00e9 M. Haikreo. Ce dernier pr\u00e9cise \u00e9galement que les mails infect\u00e9s, venant de l\u2019ext\u00e9rieur ou parfois m\u00eame de l\u2019int\u00e9rieur du pays, et les liens envoy\u00e9s dans les groupes WhatsApp sont des voies tr\u00e8s utilis\u00e9es par les cybercriminels.<\/p>\n<p>D\u2019o\u00f9 la n\u00e9cessit\u00e9, selon l\u2019enseignant-chercheur \u00e0 l\u2019Universit\u00e9 Cheikh Anta Diop de Dakar (Ucad), d\u2019accompagner les PME\/PMI \u00e0 s\u2019approprier davantage la politique de cybers\u00e9curit\u00e9 mise en place par le S\u00e9n\u00e9gal.<\/p>\n<p>Pour ce faire, Adjeoua Haikreo qui s\u2019exprimait lors du lancement d\u2019\u00ab Octobre Cyber \u00bb, un programme d\u00e9di\u00e9 \u00e0 la sensibilisation au plan international, des utilisateurs, en particulier les enfants sur la cybers\u00e9curit\u00e9, a appel\u00e9 les entreprises \u00e0 se conformer \u00e0 la Strat\u00e9gie nationale de cybers\u00e9curit\u00e9 d\u00e9velopp\u00e9e par l\u2019Etat, mais aussi \u00e0 appliquer et assurer le suivi et l\u2019ex\u00e9cution des politiques de s\u00e9curit\u00e9.<\/p>\n<p>En effet, le S\u00e9n\u00e9gal dispose d\u2019un Plan de S\u00e9curit\u00e9 des Syst\u00e8mes d\u2019Information (PSSI-ES) qui trace les grands traits de la s\u00e9curit\u00e9 \u00a0et aide \u00e0 pr\u00e9venir toutes sortes d\u2019attaques, a-t-il signal\u00e9.<\/p>\n<p>Il a, par ailleurs, invit\u00e9 les entreprises priv\u00e9es, \u00ab qui ne disposent pas souvent de Direction de Syst\u00e8me de S\u00e9curit\u00e9 et de syst\u00e8me d\u2019Information (DSSI) \u00bb, \u00e0 avoir dans leur effectif un responsable de s\u00e9curit\u00e9 de syst\u00e8me d\u2019informations. Celui-ci aura comme mission, d\u2019apr\u00e8s lui, de mettre en place une bonne politique de s\u00e9curit\u00e9 et de cybers\u00e9curit\u00e9 \u00ab parce que c\u2019est comme \u00e7a que nous pouvons mieux comprendre le ph\u00e9nom\u00e8ne \u00bb.\u00a0<\/p>\n<p>En outre, le directeur g\u00e9n\u00e9ral de la 4ITSEC-AFRICA sugg\u00e8re aux soci\u00e9t\u00e9s de\u00a0faire un audit r\u00e9gulier \u00a0de leur syst\u00e8me de s\u00e9curit\u00e9. Une proc\u00e9dure de contr\u00f4le qui devrait leur permettre de savoir ce qui a \u00e9t\u00e9 fait, ce qui reste \u00e0 faire et ce qui est pr\u00e9vu. Cet \u00e9tat des lieux devrait aussi aider les entreprises, en cas d\u2019intrusions, de \u00ab savoir ce qui a \u00e9t\u00e9 fait et d\u2019o\u00f9 est-ce que \u00e7a vient \u00bb.\u00a0<\/p>\n<p>De plus, il les a exhort\u00e9s \u00e0 signaler aux autorit\u00e9s comp\u00e9tentes toutes les attaques pour que celles-ci puissent engager les proc\u00e9dures n\u00e9cessaires afin d\u2019y rem\u00e9dier. \u00ab Il faudrait qu\u2019on arrive \u00e0 recenser toutes ces attaques pour que nos PME\/PMI ainsi que nos autorit\u00e9s ne tombent pas dans ces pi\u00e8ges \u00bb, a-t-il dit.\u00a0<\/p>\n<p>Tout en se f\u00e9licitant des efforts d\u00e9ploy\u00e9s par le gouvernement dans le domaine de la cybers\u00e9curit\u00e9, il a plaid\u00e9 pour la cr\u00e9ation d\u2019une commission de suivi et d\u2019\u00e9valuation de la PSSI-ES.\u00a0<\/p>\n<p>\u00ab On dit que la s\u00e9curit\u00e9 avance tr\u00e8s vite. Il nous faut, nous aussi, avancer un peu plus vite que \u00e7a. Mais sans se pr\u00e9cipiter, si l\u2019on veut atteindre les objectifs qu\u2019on s\u2019est fix\u00e9s \u00bb, a-t-il encore dit.\u00a0<\/p>\n<p>De m\u00eame, Adjeoua Haikreo milite en faveur de l\u2019installation d\u2019une Agence nationale de la cybers\u00e9curit\u00e9 qui, aux c\u00f4t\u00e9s de la Commission nationale de cybers\u00e9curit\u00e9, va recevoir toutes les attaques venant du net. Cela en vue de pouvoir conseiller les personnes sur les menaces, mais aussi \u00e9mettre des alertes sur l\u2019\u00e9tat d\u2019avancement de la cybers\u00e9curit\u00e9. A tout cela devrait s\u2019ajouter, selon lui, l\u2019ouverture, au niveau national, d\u2019un Portail de s\u00e9curit\u00e9 des syst\u00e8mes d\u2019information.\u00a0<\/p>\n<\/div>\n<p>Auteur: APA News<br \/>\n<a href=\"https:\/\/www.journalducameroun.com\/le-senegal-dans-le-viseur-des-cybercriminels\/\">Cliquez ici pour lire l&rsquo;article depuis sa source.<\/a><\/p>\n","protected":false},"excerpt":{"rendered":"<p>Publi\u00e9 le 16.10.2020 \u00e0 20h18 par APA News Le S\u00e9n\u00e9gal est le cinqui\u00e8me pays qui subit le plus de cyberattaques en Afrique et le soixante-onzi\u00e8me au niveau mondial, a r\u00e9v\u00e9l\u00e9, ce vendredi \u00e0 Dakar, le directeur g\u00e9n\u00e9ral de la 4ITSEC-AFRICA, Adjeoua Haikreo.Les Petites et Moyennes Entreprises (PME) et les Petites et Moyennes Industries (PMI) constituent [&hellip;]<\/p>\n","protected":false},"author":1965,"featured_media":0,"comment_status":"closed","ping_status":"closed","sticky":false,"template":"","format":"standard","meta":{"fifu_image_url":"","fifu_image_alt":"","footnotes":""},"categories":[73,82],"tags":[],"class_list":["post-101950","post","type-post","status-publish","format-standard","hentry","category-actualite","category-cameroun"],"_links":{"self":[{"href":"https:\/\/linitiative.ca\/International\/wp-json\/wp\/v2\/posts\/101950","targetHints":{"allow":["GET"]}}],"collection":[{"href":"https:\/\/linitiative.ca\/International\/wp-json\/wp\/v2\/posts"}],"about":[{"href":"https:\/\/linitiative.ca\/International\/wp-json\/wp\/v2\/types\/post"}],"author":[{"embeddable":true,"href":"https:\/\/linitiative.ca\/International\/wp-json\/wp\/v2\/users\/1965"}],"replies":[{"embeddable":true,"href":"https:\/\/linitiative.ca\/International\/wp-json\/wp\/v2\/comments?post=101950"}],"version-history":[{"count":0,"href":"https:\/\/linitiative.ca\/International\/wp-json\/wp\/v2\/posts\/101950\/revisions"}],"wp:attachment":[{"href":"https:\/\/linitiative.ca\/International\/wp-json\/wp\/v2\/media?parent=101950"}],"wp:term":[{"taxonomy":"category","embeddable":true,"href":"https:\/\/linitiative.ca\/International\/wp-json\/wp\/v2\/categories?post=101950"},{"taxonomy":"post_tag","embeddable":true,"href":"https:\/\/linitiative.ca\/International\/wp-json\/wp\/v2\/tags?post=101950"}],"curies":[{"name":"wp","href":"https:\/\/api.w.org\/{rel}","templated":true}]}}