{"id":101951,"date":"2020-10-16T16:18:03","date_gmt":"2020-10-16T20:18:03","guid":{"rendered":"https:\/\/linitiative.ca\/International\/afsud-lopposition-attaque-le-plan-de-relance-economique-de-ramaphosa\/"},"modified":"2020-10-16T16:18:03","modified_gmt":"2020-10-16T20:18:03","slug":"afsud-lopposition-attaque-le-plan-de-relance-economique-de-ramaphosa","status":"publish","type":"post","link":"https:\/\/linitiative.ca\/International\/afsud-lopposition-attaque-le-plan-de-relance-economique-de-ramaphosa\/","title":{"rendered":"Af\u2019Sud : L\u2019opposition attaque le plan de relance \u00e9conomique de Ramaphosa"},"content":{"rendered":"<div readability=\"32\">\n<p>Publi\u00e9 le 16.10.2020 \u00e0 21h18 par APA News<\/p>\n<\/div>\n<div readability=\"79\">\n<p>\u00ab\u00a0Il n\u2019y avait rien de nouveau dans le plan de relance \u00e9conomique de l\u2019Afrique du Sud que le pr\u00e9sident Cyril Ramaphosa a pr\u00e9sent\u00e9 jeudi lors d\u2019une s\u00e9ance conjointe du Parlement au Cap\u00a0\u00bb, ont estim\u00e9 les dirigeants de l\u2019opposition.Le plan de relance vise \u00e0 mettre le pays sur la voie de la reprise apr\u00e8s la perte de 2,2 millions d\u2019emplois au cours du deuxi\u00e8me trimestre de cette ann\u00e9e en raison de la r\u00e9cession \u00e9conomique et du confinement destin\u00e9 \u00e0 contenir la pand\u00e9mie de Covid-19.<\/p>\n<p>L\u2019objectif principal du plan de relance est la cr\u00e9ation d\u2019emplois en mettant l\u2019accent sur les investissements dans les infrastructures, la r\u00e9-industrialisation de l\u2019\u00e9conomie et l\u2019acc\u00e9l\u00e9ration des r\u00e9formes \u00e9conomiques, entre autres.<\/p>\n<p>Ramaphosa a \u00e9galement annonc\u00e9 la cr\u00e9ation de plus de 800.000 emplois et une prolongation des subventions de revenus Covid-19 pour trois mois suppl\u00e9mentaires.<\/p>\n<p>Mais les partis d\u2019opposition ont d\u00e9clar\u00e9 qu\u2019ils n\u2019\u00e9taient pas impressionn\u00e9s par le plan du chef de l\u2019Etat sud-africain, affirmant que Ramaphosa n\u2019\u00e9tait pas all\u00e9 assez loin dans les r\u00e9formes annonc\u00e9es et que les plans ne pr\u00e9sentaient aucune nouveaut\u00e9.<\/p>\n<p>Le chef du Mouvement d\u00e9mocratique uni, Bantu Holomisa, a d\u00e9clar\u00e9 que le plan de relance \u00e9conomique n\u2019\u00e9tait \u00ab\u00a0pas diff\u00e9rent de ce qu\u2019il nous a dit lors des trois derniers discours sur l\u2019\u00e9tat de la nation\u00a0\u00bb.<\/p>\n<p>\u00ab Parfois, c\u2019est comme s\u2019il faisait du copier-coller avec ses discours pr\u00e9c\u00e9dents \u00bb, a d\u00e9clar\u00e9 Holomisa. Le dirigeant du Front de la libert\u00e9 Plus, Pieter Groenewald, a qualifi\u00e9 le discours de Ramaphosa de \u00ab vraiment d\u00e9cevant \u00bb et a d\u00e9clar\u00e9 que le dirigeant sud-africain n\u2019avait rien dit de nouveau. \u00ab Combien de fois l\u2019avons-nous entendu dire qu\u2019il y aura un d\u00e9veloppement des infrastructures? Combien de temps allons-nous entendre parler des \u00e9nergies renouvelables? \u00ab Combien de temps allons-nous entendre qu\u2019il va cr\u00e9er des emplois ? Ce qu\u2019il a annonc\u00e9 cet apr\u00e8s-midi est en fait une extension des subventions sociales \u00bb, a d\u00e9clar\u00e9 Groenewald.<\/p>\n<p>Pour sa part, le chef de l\u2019Alliance d\u00e9mocratique, John Steenhuisen, a d\u00e9clar\u00e9 : \u00ab L\u2019Afrique du Sud n\u2019a pas besoin d\u2019un plan pour deux ou trois ans. Il lui faut un plan pour le pr\u00e9sent.<\/p>\n<p>\u00ab Nous sommes dans une crise \u00e9conomique, nous avons un ch\u00f4mage massif ; ce qu\u2019il nous faut, ce sont des investissements et de la croissance \u00bb, a ajout\u00e9 Steenhuisen.<\/p>\n<\/div>\n<p>Auteur: APA News<br \/>\n<a href=\"https:\/\/www.journalducameroun.com\/afsud-lopposition-attaque-le-plan-de-relance-economique-de-ramaphosa\/\">Cliquez ici pour lire l&rsquo;article depuis sa source.<\/a><\/p>\n","protected":false},"excerpt":{"rendered":"<p>Publi\u00e9 le 16.10.2020 \u00e0 21h18 par APA News \u00ab\u00a0Il n\u2019y avait rien de nouveau dans le plan de relance \u00e9conomique de l\u2019Afrique du Sud que le pr\u00e9sident Cyril Ramaphosa a pr\u00e9sent\u00e9 jeudi lors d\u2019une s\u00e9ance conjointe du Parlement au Cap\u00a0\u00bb, ont estim\u00e9 les dirigeants de l\u2019opposition.Le plan de relance vise \u00e0 mettre le pays sur [&hellip;]<\/p>\n","protected":false},"author":1965,"featured_media":0,"comment_status":"closed","ping_status":"closed","sticky":false,"template":"","format":"standard","meta":{"fifu_image_url":"","fifu_image_alt":"","footnotes":""},"categories":[73,82],"tags":[],"class_list":["post-101951","post","type-post","status-publish","format-standard","hentry","category-actualite","category-cameroun"],"_links":{"self":[{"href":"https:\/\/linitiative.ca\/International\/wp-json\/wp\/v2\/posts\/101951","targetHints":{"allow":["GET"]}}],"collection":[{"href":"https:\/\/linitiative.ca\/International\/wp-json\/wp\/v2\/posts"}],"about":[{"href":"https:\/\/linitiative.ca\/International\/wp-json\/wp\/v2\/types\/post"}],"author":[{"embeddable":true,"href":"https:\/\/linitiative.ca\/International\/wp-json\/wp\/v2\/users\/1965"}],"replies":[{"embeddable":true,"href":"https:\/\/linitiative.ca\/International\/wp-json\/wp\/v2\/comments?post=101951"}],"version-history":[{"count":0,"href":"https:\/\/linitiative.ca\/International\/wp-json\/wp\/v2\/posts\/101951\/revisions"}],"wp:attachment":[{"href":"https:\/\/linitiative.ca\/International\/wp-json\/wp\/v2\/media?parent=101951"}],"wp:term":[{"taxonomy":"category","embeddable":true,"href":"https:\/\/linitiative.ca\/International\/wp-json\/wp\/v2\/categories?post=101951"},{"taxonomy":"post_tag","embeddable":true,"href":"https:\/\/linitiative.ca\/International\/wp-json\/wp\/v2\/tags?post=101951"}],"curies":[{"name":"wp","href":"https:\/\/api.w.org\/{rel}","templated":true}]}}